{"id":67065,"date":"2018-06-26T00:00:00","date_gmt":"2018-06-26T06:00:00","guid":{"rendered":"https:\/\/dralvarez.com.mx\/larevista\/blog\/en-alianza-los-resultados-seran-inmediatos-cetina-gomez-27025"},"modified":"2018-06-26T00:00:00","modified_gmt":"2018-06-26T06:00:00","slug":"en-alianza-los-resultados-seran-inmediatos-cetina-gomez-27025","status":"publish","type":"post","link":"https:\/\/dralvarez.com.mx\/larevista\/compeche\/en-alianza-los-resultados-seran-inmediatos-cetina-gomez-27025","title":{"rendered":"En alianza los resultados ser\u00e1n inmediatos: Cetina G\u00f3mez"},"content":{"rendered":"<\/p>\n<p>En<br \/>\nalianza, los candidatos de la coalici\u00f3n \u201cCampeche para Todos\u201d, brindaremos<br \/>\nresultados a corto plazo para que el municipio de Campeche se convierta en una<br \/>\npotencia, asegur\u00f3 Claudio Cetina G\u00f3mez.<\/p>\n<p>Durante<br \/>\nsu pen\u00faltimo d\u00eda de actividad pol\u00edtica en busca de la confianza ciudadana,<br \/>\nCetina G\u00f3mez, visit\u00f3 las comunidades de Lerma y Chin\u00e1, donde los pobladores<br \/>\nrefrendaron su compromiso de llevarlo al triunfo este pr\u00f3ximo 1 de julio y \u00e9l,<br \/>\nde mantenerse cercano para atender las demandas de la poblaci\u00f3n.<\/p>\n<p>El<br \/>\ncandidato a la Presidencia Municipal reiter\u00f3 que, ser\u00e1 a trav\u00e9s de la \u201cAlianza<br \/>\nCampeche\u201d como lograr\u00e1n los resultados necesarios para brindar mejor calidad de<br \/>\nvida a los campechanos y hacer de Campeche un lugar incomparable.<\/p>\n<p>\u201cVamos<br \/>\na trabajar con base en resultados y eso es algo fundamental para una<br \/>\nadministraci\u00f3n; los ciudadanos ver\u00e1n estas acciones a corto y mediano plazo,<br \/>\ncon lo que podr\u00e1n mejorar su calidad de vida\u201d, reafirm\u00f3.<\/p>\n<p>En<br \/>\nmedio de un mar de simpatizantes y acompa\u00f1ado de Hilda Flores, l\u00edder nacional<br \/>\ndel OMPRI, abund\u00f3 que en la alianza tambi\u00e9n participan los regidores y s\u00edndicos<br \/>\nquienes por primera vez est\u00e1n haciendo campa\u00f1as para llevar las 10 propuestas y<br \/>\n8 ejes de campa\u00f1a del plan de trabajo 2018-2021.<\/p>\n<p>El<br \/>\nabanderado de la coalici\u00f3n \u201cCampeche para Todos\u201d, insisti\u00f3 en que los servicios<br \/>\np\u00fablicos, el transporte, pavimentaci\u00f3n, abastecimiento de agua, alumbrado y la seguridad,<br \/>\nhan sido las principales peticiones de los ciudadanos, y que ser\u00e1n atendidas para<br \/>\nque Campeche siga avanzando hacia el desarrollo.<\/p>\n<p>Cetina<br \/>\nG\u00f3mez, subray\u00f3 que tambi\u00e9n se tendr\u00e1 que aprovechar los beneficios de la Zona<br \/>\nEcon\u00f3mica Especial, las riquezas naturales y la gastronom\u00eda. \u201cEscucharemos a<br \/>\nlos ciudadanos hasta el \u00faltimo minuto; que la ciudadan\u00eda se convenza de que<br \/>\nsomos la \u00fanica opci\u00f3n para hacer de Campeche un mejor lugar para vivir\u201d, concluy\u00f3.<\/p><\/p>\n","protected":false},"excerpt":{"rendered":"<p>El candidato a la Presidencia Municipal reiter\u00f3 que, ser\u00e1 a trav\u00e9s de la \u201cAlianza Campeche\u201d como lograr\u00e1n los resultados&#8230;<\/p>\n","protected":false},"author":1018,"featured_media":0,"comment_status":"open","ping_status":"open","sticky":false,"template":"","format":"standard","meta":{"tdm_status":"","tdm_grid_status":"","footnotes":""},"categories":[27],"tags":[],"_links":{"self":[{"href":"https:\/\/dralvarez.com.mx\/larevista\/wp-json\/wp\/v2\/posts\/67065"}],"collection":[{"href":"https:\/\/dralvarez.com.mx\/larevista\/wp-json\/wp\/v2\/posts"}],"about":[{"href":"https:\/\/dralvarez.com.mx\/larevista\/wp-json\/wp\/v2\/types\/post"}],"author":[{"embeddable":true,"href":"https:\/\/dralvarez.com.mx\/larevista\/wp-json\/wp\/v2\/users\/1018"}],"replies":[{"embeddable":true,"href":"https:\/\/dralvarez.com.mx\/larevista\/wp-json\/wp\/v2\/comments?post=67065"}],"version-history":[{"count":0,"href":"https:\/\/dralvarez.com.mx\/larevista\/wp-json\/wp\/v2\/posts\/67065\/revisions"}],"wp:attachment":[{"href":"https:\/\/dralvarez.com.mx\/larevista\/wp-json\/wp\/v2\/media?parent=67065"}],"wp:term":[{"taxonomy":"category","embeddable":true,"href":"https:\/\/dralvarez.com.mx\/larevista\/wp-json\/wp\/v2\/categories?post=67065"},{"taxonomy":"post_tag","embeddable":true,"href":"https:\/\/dralvarez.com.mx\/larevista\/wp-json\/wp\/v2\/tags?post=67065"}],"curies":[{"name":"wp","href":"https:\/\/api.w.org\/{rel}","templated":true}]}}