{"id":66994,"date":"2018-06-25T00:00:00","date_gmt":"2018-06-25T06:00:00","guid":{"rendered":"https:\/\/dralvarez.com.mx\/larevista\/blog\/realiza-apicam-carrera-dia-del-padre-en-carmen-26954"},"modified":"2018-06-25T00:00:00","modified_gmt":"2018-06-25T06:00:00","slug":"realiza-apicam-carrera-dia-del-padre-en-carmen-26954","status":"publish","type":"post","link":"https:\/\/dralvarez.com.mx\/larevista\/compeche\/realiza-apicam-carrera-dia-del-padre-en-carmen-26954","title":{"rendered":"Realiza APICAM carrera dia del padre en carmen"},"content":{"rendered":"<\/p>\n<p>Con la participaci\u00f3n de m\u00e1s de 350 deportistas, la Administraci\u00f3n Portuaria Integral de Campeche (APICAM) llev\u00f3 a cabo la carrera del D\u00eda del Padre, que inici\u00f3 en el acceso 2 del Puerto Isla del Carmen, contando con la presencia del director general, Alejandro Manzanilla Casanova, y la gerente en Carmen, Nelsy S\u00e1nchez Vega.<\/p>\n<p>El evento const\u00f3 de dos categor\u00edas, la caminata de 2.5 kil\u00f3metros y la carrera de 5 kil\u00f3metros, y en la rama femenil el primer lugar fue para Andrea D\u00edaz G\u00f3mez; el segundo para Sheila Ariana Cervantes Poxx; el tercer lugar Juanita Carlota Guerrero; el cuarto lugar Hanna Hern\u00e1ndez Guti\u00e9rrez, y el quinto lugar Ileana Palma. En la rama varonil el primer lugar fue para Warney Osbaldo Jim\u00e9nez Anaya; el segundo lugar fue para David Jes\u00fas Gonz\u00e1lez Ch\u00e1vez; el tercer lugar para Manuel Isaac Dom\u00ednguez Maga\u00f1a; el cuarto lugar con Alejandro del Jes\u00fas Moreno Arcos; y el quinto lugar, Jos\u00e9 Palma Montejo. Tambi\u00e9n se destac\u00f3 con medallas a los ni\u00f1os que participaron en la caminata recreativa, en primer lugar, Ditter Diaz Tac\u00fa; el segundo lugar Diego Ben\u00edtez Chan; tercer lugar, Edgar Rodr\u00edguez Carrera; cuarto lugar Farid Medina P\u00e9rez, y quinto lugar, Wilbert Damas.<\/p>\n<p>&nbsp;<\/p>\n<p>&nbsp;<\/p>\n<p>&nbsp;<\/p>\n<p>&nbsp;<\/p>\n<p><\/p>\n","protected":false},"excerpt":{"rendered":"<p>La Administraci\u00f3n Portuaria Integral de Campeche (APICAM) llev\u00f3 a cabo la carrera del D\u00eda del Padre, que inici\u00f3 en el acceso 2 del Puerto Isla del Car<\/p>\n","protected":false},"author":1018,"featured_media":0,"comment_status":"open","ping_status":"open","sticky":false,"template":"","format":"standard","meta":{"tdm_status":"","tdm_grid_status":"","footnotes":""},"categories":[27],"tags":[],"_links":{"self":[{"href":"https:\/\/dralvarez.com.mx\/larevista\/wp-json\/wp\/v2\/posts\/66994"}],"collection":[{"href":"https:\/\/dralvarez.com.mx\/larevista\/wp-json\/wp\/v2\/posts"}],"about":[{"href":"https:\/\/dralvarez.com.mx\/larevista\/wp-json\/wp\/v2\/types\/post"}],"author":[{"embeddable":true,"href":"https:\/\/dralvarez.com.mx\/larevista\/wp-json\/wp\/v2\/users\/1018"}],"replies":[{"embeddable":true,"href":"https:\/\/dralvarez.com.mx\/larevista\/wp-json\/wp\/v2\/comments?post=66994"}],"version-history":[{"count":0,"href":"https:\/\/dralvarez.com.mx\/larevista\/wp-json\/wp\/v2\/posts\/66994\/revisions"}],"wp:attachment":[{"href":"https:\/\/dralvarez.com.mx\/larevista\/wp-json\/wp\/v2\/media?parent=66994"}],"wp:term":[{"taxonomy":"category","embeddable":true,"href":"https:\/\/dralvarez.com.mx\/larevista\/wp-json\/wp\/v2\/categories?post=66994"},{"taxonomy":"post_tag","embeddable":true,"href":"https:\/\/dralvarez.com.mx\/larevista\/wp-json\/wp\/v2\/tags?post=66994"}],"curies":[{"name":"wp","href":"https:\/\/api.w.org\/{rel}","templated":true}]}}