{"id":66930,"date":"2018-06-23T00:00:00","date_gmt":"2018-06-23T06:00:00","guid":{"rendered":"https:\/\/dralvarez.com.mx\/larevista\/blog\/dif-estatal-invita-a-embarazadas-primerizas-al-curso-una-pequena-luz-para-ser-grande-de-corazon-2018-26887"},"modified":"2018-06-23T00:00:00","modified_gmt":"2018-06-23T06:00:00","slug":"dif-estatal-invita-a-embarazadas-primerizas-al-curso-una-pequena-luz-para-ser-grande-de-corazon-2018-26887","status":"publish","type":"post","link":"https:\/\/dralvarez.com.mx\/larevista\/compeche\/dif-estatal-invita-a-embarazadas-primerizas-al-curso-una-pequena-luz-para-ser-grande-de-corazon-2018-26887","title":{"rendered":"DIF Estatal invita a embarazadas primerizas al curso \u201cUna peque\u00f1a luz para ser grande de coraz\u00f3n 2018\u201d"},"content":{"rendered":"<p>El Sistema Estatal para el Desarrollo Integral de la Familia (DIF), a trav\u00e9s de la Coordinaci\u00f3n Educativa de la Direcci\u00f3n de Desarrollo Familiar y Voluntariado, invita a las embarazadas primerizas a inscribirse al curso taller \u201cUna Peque\u00f1a Luz, para ser Grande de Coraz\u00f3n 2018\u201d, el cual se impartir\u00e1 de manera gratuita del 2 al 13 de julio, en un horario de 16:00 a 19:00 horas, en el sal\u00f3n \u201cLilia Reyes de L\u00f3pez Hern\u00e1ndez\u201d de la Mansi\u00f3n Carvajal.<\/p>\n<p>En esta capacitaci\u00f3n, los participantes tendr\u00e1n la oportunidad de adquirir herramientas te\u00f3ricas y pr\u00e1cticas para desarrollar una relaci\u00f3n m\u00e1s afectiva y estrecha con su beb\u00e9 antes, durante y despu\u00e9s del parto.<\/p>\n<p>Entre los temas que se tratar\u00e1n se encuentran \u201cMi hijo mi reflejo\u201d, \u201cApego\u201d, \u201cAsertividad\u201d, \u201cAmor, antes y despu\u00e9s del embarazo\u201d, \u201cM\u00e9todos anticonceptivos\u201d, \u201cPlanificaci\u00f3n familiar\u201d, \u201cCuidados del reci\u00e9n nacido\u201d, \u201cTamiz auditivo y metab\u00f3lico\u201d, \u201cS\u00edndrome del Ni\u00f1o Sacudido\u201d, \u201cLactancia materna: t\u00e9cnicas y sus beneficios\u201d, \u201cAdicciones en el embarazo\u201d y \u201cEmbarazo saludable\u201d.<\/p>\n<p>Cabe se\u00f1alar que es importante orientar e informar a la poblaci\u00f3n embarazada y brindarles herramientas para tomar las mejores decisiones tanto en el ejercicio de su sexualidad como en la crianza de sus hijos, para mejorar la calidad de vida en las familias.<\/p>\n<p>Las embarazadas primerizas pueden participar junto a sus parejas, y pueden inscribirse en la Direcci\u00f3n de Desarrollo Familiar y Voluntariado, ubicada en la calle 8, edificio 303 frente a Palacio de Gobierno, Centro Hist\u00f3rico, en horario de 09:00 a 14:00 horas de lunes a viernes.<\/p>\n<p>Los requisitos para ser parte del curso es ser una embarazada primeriza, copia de su credencial de elector y el carnet de control prenatal o constancia de embarazo.<\/p>\n","protected":false},"excerpt":{"rendered":"<p>Se impartir\u00e1 de manera gratuita del 2 al 13 de julio, en un horario de 16:00 a 19:00 horas, en el sal\u00f3n \u201cLilia Reyes de L\u00f3pez Hern\u00e1ndez\u201d de la Mansi\u00f3n<\/p>\n","protected":false},"author":1018,"featured_media":0,"comment_status":"open","ping_status":"open","sticky":false,"template":"","format":"standard","meta":{"tdm_status":"","tdm_grid_status":"","footnotes":""},"categories":[27],"tags":[],"_links":{"self":[{"href":"https:\/\/dralvarez.com.mx\/larevista\/wp-json\/wp\/v2\/posts\/66930"}],"collection":[{"href":"https:\/\/dralvarez.com.mx\/larevista\/wp-json\/wp\/v2\/posts"}],"about":[{"href":"https:\/\/dralvarez.com.mx\/larevista\/wp-json\/wp\/v2\/types\/post"}],"author":[{"embeddable":true,"href":"https:\/\/dralvarez.com.mx\/larevista\/wp-json\/wp\/v2\/users\/1018"}],"replies":[{"embeddable":true,"href":"https:\/\/dralvarez.com.mx\/larevista\/wp-json\/wp\/v2\/comments?post=66930"}],"version-history":[{"count":0,"href":"https:\/\/dralvarez.com.mx\/larevista\/wp-json\/wp\/v2\/posts\/66930\/revisions"}],"wp:attachment":[{"href":"https:\/\/dralvarez.com.mx\/larevista\/wp-json\/wp\/v2\/media?parent=66930"}],"wp:term":[{"taxonomy":"category","embeddable":true,"href":"https:\/\/dralvarez.com.mx\/larevista\/wp-json\/wp\/v2\/categories?post=66930"},{"taxonomy":"post_tag","embeddable":true,"href":"https:\/\/dralvarez.com.mx\/larevista\/wp-json\/wp\/v2\/tags?post=66930"}],"curies":[{"name":"wp","href":"https:\/\/api.w.org\/{rel}","templated":true}]}}