{"id":66929,"date":"2018-06-23T00:00:00","date_gmt":"2018-06-23T06:00:00","guid":{"rendered":"https:\/\/dralvarez.com.mx\/larevista\/blog\/en-alianza-este-1-de-julio-la-victoria-sera-nuestra-cetina-gomez-26886"},"modified":"2018-06-23T00:00:00","modified_gmt":"2018-06-23T06:00:00","slug":"en-alianza-este-1-de-julio-la-victoria-sera-nuestra-cetina-gomez-26886","status":"publish","type":"post","link":"https:\/\/dralvarez.com.mx\/larevista\/compeche\/en-alianza-este-1-de-julio-la-victoria-sera-nuestra-cetina-gomez-26886","title":{"rendered":"En alianza este 1 de julio la victoria ser\u00e1 nuestra: Cetina G\u00f3mez"},"content":{"rendered":"<p>A nueve d\u00edas de la elecci\u00f3n, el candidato a la Presidencia Municipal de Campeche, Claudio Cetina G\u00f3mez, refrend\u00f3 su compromiso de tener un municipio con m\u00e1s pilas, involucrando a todos y avanzando en la misma direcci\u00f3n.<\/p>\n<p>El aspirante por la coalici\u00f3n \u201cCampeche para Todos\u201d, reconoci\u00f3 que los campechanos, al ser la fuerza del PRI y quienes conf\u00edan en el proyecto que encabeza, lo llevar\u00e1n al triunfo este pr\u00f3ximo primero de julio. Los invit\u00f3 a no dejarse llevar por la guerra sucia y ejercer su voto de manera libre, pensando en el bienestar de sus familias.<\/p>\n<p>Apunt\u00f3 que, a trav\u00e9s de la Alianza Campeche y con el pr\u00f3ximo presidente, Jos\u00e9 Antonio Meade, Campeche ser\u00e1 reconocido por su gente y su partido, as\u00ed como por los grandes logros que se tendr\u00e1n.<\/p>\n<p>Durante su actividad pol\u00edtica, visit\u00f3 a los vecinos de las colonias Aviaci\u00f3n, Cuatro Caminos, Buenavista y L\u00e1zaro C\u00e1rdenas, platic\u00f3 con amas de casa, j\u00f3venes, personas de la tercera edad, y les expuso el trabajo que se tiene contemplado realizar para un mejor Campeche, as\u00ed como el compromiso de ser un alcalde cercano a la gente, en busca siempre de los mejores resultados.<\/p>\n<p>El aliancista, reiter\u00f3 que es momento de estar unidos y decidir de manera responsable el rumbo que tomar\u00e1 el municipio. \u201cQueremos personas con experiencia, que sepan c\u00f3mo sacarnos adelante, porque Campeche tiene que ganar\u201d, expres\u00f3.<\/p>\n<p>\u201cNo tengan dudas que haremos el mejor trabajo. Nuestro equipo est\u00e1 conformado por personas honestas, de lucha, de trabajo diario que saben dar resultados\u201d, enfatiz\u00f3.<\/p>\n<p>Finalmente, subray\u00f3 que seguir\u00e1 caminando hasta el \u00faltimo d\u00eda que la ley lo permita, escuchando las peticiones y planteamientos de los ciudadanos para mejorar su plan de trabajo en beneficio de todos.<\/p>\n","protected":false},"excerpt":{"rendered":"<p>A nueve d\u00edas de la elecci\u00f3n, Claudio Cetina G\u00f3mez, refrend\u00f3 su compromiso de tener un municipio con m\u00e1s pilas&#8230;<\/p>\n","protected":false},"author":1018,"featured_media":0,"comment_status":"open","ping_status":"open","sticky":false,"template":"","format":"standard","meta":{"tdm_status":"","tdm_grid_status":"","footnotes":""},"categories":[27],"tags":[],"_links":{"self":[{"href":"https:\/\/dralvarez.com.mx\/larevista\/wp-json\/wp\/v2\/posts\/66929"}],"collection":[{"href":"https:\/\/dralvarez.com.mx\/larevista\/wp-json\/wp\/v2\/posts"}],"about":[{"href":"https:\/\/dralvarez.com.mx\/larevista\/wp-json\/wp\/v2\/types\/post"}],"author":[{"embeddable":true,"href":"https:\/\/dralvarez.com.mx\/larevista\/wp-json\/wp\/v2\/users\/1018"}],"replies":[{"embeddable":true,"href":"https:\/\/dralvarez.com.mx\/larevista\/wp-json\/wp\/v2\/comments?post=66929"}],"version-history":[{"count":0,"href":"https:\/\/dralvarez.com.mx\/larevista\/wp-json\/wp\/v2\/posts\/66929\/revisions"}],"wp:attachment":[{"href":"https:\/\/dralvarez.com.mx\/larevista\/wp-json\/wp\/v2\/media?parent=66929"}],"wp:term":[{"taxonomy":"category","embeddable":true,"href":"https:\/\/dralvarez.com.mx\/larevista\/wp-json\/wp\/v2\/categories?post=66929"},{"taxonomy":"post_tag","embeddable":true,"href":"https:\/\/dralvarez.com.mx\/larevista\/wp-json\/wp\/v2\/tags?post=66929"}],"curies":[{"name":"wp","href":"https:\/\/api.w.org\/{rel}","templated":true}]}}