{"id":66859,"date":"2018-06-21T00:00:00","date_gmt":"2018-06-21T06:00:00","guid":{"rendered":"https:\/\/dralvarez.com.mx\/larevista\/blog\/con-trabajo-en-equipo-construiremos-una-capital-incomparable-ccg-26815"},"modified":"2018-06-21T00:00:00","modified_gmt":"2018-06-21T06:00:00","slug":"con-trabajo-en-equipo-construiremos-una-capital-incomparable-ccg-26815","status":"publish","type":"post","link":"https:\/\/dralvarez.com.mx\/larevista\/compeche\/con-trabajo-en-equipo-construiremos-una-capital-incomparable-ccg-26815","title":{"rendered":"Con trabajo en equipo construiremos una capital incomparable: CCG"},"content":{"rendered":"<\/p>\n<p>\u201cApuesto por la econom\u00eda, la cultura, el medio ambiente, la<br \/>\nmodernizaci\u00f3n y sobre todo por los campechanos\u201d, asegur\u00f3 Claudio Cetina G\u00f3mez,<br \/>\ncandidato a la Presidencia Municipal de Campeche, al se\u00f1alar que s\u00f3lo con<br \/>\ntrabajo en equipo Campeche ser\u00e1 una capital incomparable.<\/p>\n<p>En gira intensa con el presidente del Comit\u00e9 Ejecutivo Nacional del<br \/>\nPRI, Ren\u00e9 Ju\u00e1rez Cisneros, quien lleg\u00f3 a Campeche a respaldar a todos los<br \/>\ncandidatos de la coalici\u00f3n conformada por el PRI-PVEM-PANAL, Cetina G\u00f3mez,<br \/>\nexpres\u00f3 que trabajar\u00e1 por Campeche y sus familias.<\/p>\n<p>En el d\u00eda 54 de activismo pol\u00edtico, \u201cel gallo\u201d, recorri\u00f3 la Unidad<br \/>\nHabitacional H\u00e9roes de Chapultepec, mejor conocida como Fovi, donde acompa\u00f1ado<br \/>\nde Roc\u00edo Abreu Arti\u00f1ano, candidata al Senado de la Rep\u00fablica, se\u00f1al\u00f3 que tiene<br \/>\nproyectos claros, positivos y con visi\u00f3n y que, de llegar a la alcald\u00eda de<br \/>\nCampeche, se cumplir\u00e1n al cien por ciento para beneficio de todos.<\/p>\n<p>\u201cVamos a llegar juntos a la meta y empezar a construir un mejor<br \/>\nCampeche, en conjunto con todos los candidatos de la coalici\u00f3n\u201d, extern\u00f3 el<br \/>\nabanderado de la alianza \u201cCampeche para Todos\u201d.<\/p>\n<p>Posteriormente en la colonia Morelos, junto con Ju\u00e1rez Cisneros, Abreu<br \/>\nArti\u00f1ano, Jorge Chanona Echeverr\u00eda, candidato a Diputado Federal y el tambi\u00e9n<br \/>\ncandidato al Senado, Christian Castro Bello, dialogaron con los ciudadanos a<br \/>\nquienes pidieron su confianza en el proyecto de progreso y bienestar de los<br \/>\ncampechanos.<\/p>\n<p>Insisti\u00f3 en que s\u00f3lo formando un equipo unido y fuerte donde se<br \/>\ninvolucre a todas las comunidades se avanzar\u00e1 en la misma direcci\u00f3n, sin<br \/>\ndivisiones, sumando buenas ideas y aportando las mejores soluciones.<\/p>\n<p>Por la tarde, Cetina G\u00f3mez recorri\u00f3 el barrio de La Ermita donde recibi\u00f3<br \/>\nel respaldo de los ciudadanos y el compromiso de juntos construir una nueva<br \/>\nhistoria de bienestar para los campechanos.<\/p>\n<p>\u201cFormemos un equipo fuerte, comprometidos para tener un mejor<br \/>\nCampeche, ponte las pilas conmigo y hag\u00e1moslo realidad\u201d, exhort\u00f3 el candidato<\/p><\/p>\n","protected":false},"excerpt":{"rendered":"<p>\u201cApuesto por la econom\u00eda, la cultura, el medio ambiente, la modernizaci\u00f3n y sobre todo por los campechanos\u201d&#8230;<\/p>\n","protected":false},"author":1018,"featured_media":0,"comment_status":"open","ping_status":"open","sticky":false,"template":"","format":"standard","meta":{"tdm_status":"","tdm_grid_status":"","footnotes":""},"categories":[27],"tags":[],"_links":{"self":[{"href":"https:\/\/dralvarez.com.mx\/larevista\/wp-json\/wp\/v2\/posts\/66859"}],"collection":[{"href":"https:\/\/dralvarez.com.mx\/larevista\/wp-json\/wp\/v2\/posts"}],"about":[{"href":"https:\/\/dralvarez.com.mx\/larevista\/wp-json\/wp\/v2\/types\/post"}],"author":[{"embeddable":true,"href":"https:\/\/dralvarez.com.mx\/larevista\/wp-json\/wp\/v2\/users\/1018"}],"replies":[{"embeddable":true,"href":"https:\/\/dralvarez.com.mx\/larevista\/wp-json\/wp\/v2\/comments?post=66859"}],"version-history":[{"count":0,"href":"https:\/\/dralvarez.com.mx\/larevista\/wp-json\/wp\/v2\/posts\/66859\/revisions"}],"wp:attachment":[{"href":"https:\/\/dralvarez.com.mx\/larevista\/wp-json\/wp\/v2\/media?parent=66859"}],"wp:term":[{"taxonomy":"category","embeddable":true,"href":"https:\/\/dralvarez.com.mx\/larevista\/wp-json\/wp\/v2\/categories?post=66859"},{"taxonomy":"post_tag","embeddable":true,"href":"https:\/\/dralvarez.com.mx\/larevista\/wp-json\/wp\/v2\/tags?post=66859"}],"curies":[{"name":"wp","href":"https:\/\/api.w.org\/{rel}","templated":true}]}}