{"id":66835,"date":"2018-06-21T00:00:00","date_gmt":"2018-06-21T06:00:00","guid":{"rendered":"https:\/\/dralvarez.com.mx\/larevista\/blog\/secretario-general-de-gobierno-inaugura-primera-jornada-en-materia-registral-26790"},"modified":"2018-06-21T00:00:00","modified_gmt":"2018-06-21T06:00:00","slug":"secretario-general-de-gobierno-inaugura-primera-jornada-en-materia-registral-26790","status":"publish","type":"post","link":"https:\/\/dralvarez.com.mx\/larevista\/compeche\/secretario-general-de-gobierno-inaugura-primera-jornada-en-materia-registral-26790","title":{"rendered":"Secretario general de gobierno inaugura primera jornada en materia registral"},"content":{"rendered":"<p>En  representaci\u00f3n del gobernador Alejandro Moreno C\u00e1rdenas, el secretario general de Gobierno, Carlos Miguel Aysa Gonz\u00e1lez, tom\u00f3 protesta a los nuevos integrantes del consejo directivo del Instituto Mexicano del Derecho Registral (Imderac), para el per\u00edodo 2018-2020, e inaugur\u00f3 la Primera Jornada en Materia Registral que tiene el prop\u00f3sito de promover el ordenamiento territorial y brindar mayor certeza jur\u00eddica patrimonial en el pa\u00eds.<\/p>\n<p>Durante el evento, el secretario general de Gobierno destac\u00f3 que siempre ser\u00e1 necesaria la eficiencia de los registros p\u00fablicos de la propiedad, porque al brindar seguridad y certeza jur\u00eddica los grandes emprendedores est\u00e1n dispuestos a invertir su capital.<\/p>\n<p>Puntualiz\u00f3 que ley y firmeza ser\u00e1n siempre el binomio perfecto para hacer prevalecer el orden, la certeza y sobre todo, la tranquilidad social, pues el Estado de Derecho no es una simple expresi\u00f3n, sino  toda una estructura jur\u00eddica institucional que tiene el deber de ser garante de la aplicaci\u00f3n de la ley.<\/p>\n<p>\u201cHoy, la convocatoria es que la tradici\u00f3n y la vocaci\u00f3n jur\u00eddica mexicana se traduzcan en un presente y un futuro de vanguardia en materia registral\u201d, se\u00f1al\u00f3 ante representantes de los registros p\u00fablicos de la propiedad de todas las entidades del pa\u00eds, notarios y especialistas en el ramo que participan en la primera jornada, la cual concluye ma\u00f1ana.<\/p>\n<p>Previo, el subsecretario de la Secretar\u00eda de Desarrollo Agrario, Territorial y Urbano (Sedatu), Enrique Gonz\u00e1lez Tiburcio, reconoci\u00f3 que la voluntad pol\u00edtica del gobernador Alejandro Moreno C\u00e1rdenas ha hecho posible que Campeche se coloque entre los primeros cinco estados que tienen totalmente modernizada su plataforma digital, e inclusive ha servido como piloto y modelo en muchas de las estrategias que se aplican en todo el pa\u00eds.<\/p>\n<p>Dio a conocer que en el gobierno de Enrique Pe\u00f1a Nieto se han llevado a cabo 101 proyectos ejecutivos de modernizaci\u00f3n en 25 entidades, donde la federaci\u00f3n ha invertido mil 179 millones de pesos y los gobiernos estatales y municipales 713.2 millones de pesos.<\/p>\n<p>Detall\u00f3 que en el 2013 s\u00f3lo hab\u00edan ocho registros p\u00fablicos de la propiedad que prestaban servicios en l\u00ednea y actualmente suman 19; en materia de digitalizaci\u00f3n de acervos registrales hoy existen siete registros p\u00fablicos que cuentan con toda su documentaci\u00f3n digitalizada y nueve llevan un avance de m\u00e1s del 50 por ciento; 14 entidades han actualizado su cartografia y 16 registros p\u00fablicos cuentan con un portal de notarios. <\/p>\n<p>Antes, el presidente saliente del Imderac, Carlos M\u00e1rquez Rico, manifest\u00f3 que el instituto seguir\u00e1 aportando las herramientas necesarias para llevar a todos los registros p\u00fablicos a la excelencia, brindado apoyo a sus integrantes y a las autoridades federales y estatales a fin de seguir contribuyendo en la labor de preservar la certeza jur\u00eddica patrimonial de todos lo mexicanos.<\/p>\n<p>Por su parte, la nueva presidenta del consejo directivo del Imderac, Carmen Mar\u00eda Presuel Canepa, directora del Registro P\u00fablico de la Propiedad y de Comercio de Campeche, destac\u00f3 que es importante seguir consolidando las acciones para que el organismo nacional sea el rector de las l\u00edneas conductoras que orienten la actualizaci\u00f3n, modernizaci\u00f3n, homologaci\u00f3n y vinculaci\u00f3n de los registros p\u00fablicos de la propiedad en el pa\u00eds, y se convierta en un interlocutor entre las autoridades, instituciones y organismos nacionales e internacionales en la materia.<\/p>\n<p>Los nuevos integrantes del consejo directivo del Instituto Mexicano del Derecho Registral que rindieron protesta son: Carmen Mar\u00eda Guadalupe Presuel Canepa, presidenta; Juan Manuel Hinojosa Zamora, vicepresidente; Arturo Bravo Salazar, secretario y Gilberto Gamboa Escobar, tesorero.<\/p>\n<p>Al evento tambi\u00e9n asistieron los titulares de los poderes Legislativo y Judicial, Laura Baqueiro Ramos y Miguel \u00c1ngel Chuc L\u00f3pez, respectivamente; el alcalde Edgar Hern\u00e1ndez Hern\u00e1ndez y el coordinador general de Modernizaci\u00f3n y Vinculaci\u00f3n Registral y Catastral de la Sedatu, Hilario Salazar Cruz.<\/p>\n","protected":false},"excerpt":{"rendered":"<p>Durante el evento, el secretario general de Gobierno destac\u00f3 que siempre ser\u00e1 necesaria la eficiencia de los registros p\u00fablicos de la propiedad&#8230;<\/p>\n","protected":false},"author":1018,"featured_media":0,"comment_status":"open","ping_status":"open","sticky":false,"template":"","format":"standard","meta":{"tdm_status":"","tdm_grid_status":"","footnotes":""},"categories":[27],"tags":[],"_links":{"self":[{"href":"https:\/\/dralvarez.com.mx\/larevista\/wp-json\/wp\/v2\/posts\/66835"}],"collection":[{"href":"https:\/\/dralvarez.com.mx\/larevista\/wp-json\/wp\/v2\/posts"}],"about":[{"href":"https:\/\/dralvarez.com.mx\/larevista\/wp-json\/wp\/v2\/types\/post"}],"author":[{"embeddable":true,"href":"https:\/\/dralvarez.com.mx\/larevista\/wp-json\/wp\/v2\/users\/1018"}],"replies":[{"embeddable":true,"href":"https:\/\/dralvarez.com.mx\/larevista\/wp-json\/wp\/v2\/comments?post=66835"}],"version-history":[{"count":0,"href":"https:\/\/dralvarez.com.mx\/larevista\/wp-json\/wp\/v2\/posts\/66835\/revisions"}],"wp:attachment":[{"href":"https:\/\/dralvarez.com.mx\/larevista\/wp-json\/wp\/v2\/media?parent=66835"}],"wp:term":[{"taxonomy":"category","embeddable":true,"href":"https:\/\/dralvarez.com.mx\/larevista\/wp-json\/wp\/v2\/categories?post=66835"},{"taxonomy":"post_tag","embeddable":true,"href":"https:\/\/dralvarez.com.mx\/larevista\/wp-json\/wp\/v2\/tags?post=66835"}],"curies":[{"name":"wp","href":"https:\/\/api.w.org\/{rel}","templated":true}]}}