{"id":66796,"date":"2018-06-20T00:00:00","date_gmt":"2018-06-20T06:00:00","guid":{"rendered":"https:\/\/dralvarez.com.mx\/larevista\/blog\/comprometido-claudio-cetina-a-mejorar-la-infraestructura-deportiva-en-las-comunidades-rurales-26751"},"modified":"2018-06-20T00:00:00","modified_gmt":"2018-06-20T06:00:00","slug":"comprometido-claudio-cetina-a-mejorar-la-infraestructura-deportiva-en-las-comunidades-rurales-26751","status":"publish","type":"post","link":"https:\/\/dralvarez.com.mx\/larevista\/compeche\/comprometido-claudio-cetina-a-mejorar-la-infraestructura-deportiva-en-las-comunidades-rurales-26751","title":{"rendered":"Comprometido Claudio Cetina a mejorar la infraestructura deportiva en las comunidades rurales"},"content":{"rendered":"<p>De llegar a la alcald\u00eda de Campeche, Claudio Cetina G\u00f3mez, se compromete a rehabilitar los campos de b\u00e9isbol de las comunidades rurales para que los aficionados a este deporte puedan practicarlo y sus familias disfrutar de los partidos.<\/p>\n<p>Detall\u00f3 que la rehabilitaci\u00f3n contempla la construcci\u00f3n de ba\u00f1os y la mejora de las gradas para asegurar que sean espacios de calidad, puedan ser organizadas pr\u00e1cticas y competencias de manera adecuada y se fomente el deporte en las nuevas generaciones.<\/p>\n<p>El aspirante a la Presidencia Municipal enfatiz\u00f3 que este proyecto responde a las demandas de los pobladores de la zona rural, donde el b\u00e9isbol es uno de los deportes con mayor tradici\u00f3n.<\/p>\n<p>\u201cEs prioritario asegurar la pr\u00e1ctica del deporte en el territorio, porque es sin\u00f3nimo de bienestar, una forma de vida saludable y un elemento de desarrollo integral que garantiza valores en la ni\u00f1ez y juventud\u201d, asegur\u00f3 el candidato.<\/p>\n<p>El abanderado de la coalici\u00f3n \u201cCampeche para Todos\u201d, signific\u00f3 que el alumbrado p\u00fablico y la seguridad vendr\u00e1n de la mano con la rehabilitaci\u00f3n de los espacios para garantizar que la pr\u00e1ctica deportiva sea en las mejores condiciones.<\/p>\n<p>A siete d\u00edas de concluir las campa\u00f1as pol\u00edticas en busca de la confianza ciudadana, \u201cel gallo\u201d, recorri\u00f3 las colonias Centro, Vicente Guerrero y el poblado de Samul\u00e1, donde reiter\u00f3 que gobernar\u00e1 en unidad con la ciudadan\u00eda.<\/p>\n","protected":false},"excerpt":{"rendered":"<p>El aspirante a la Presidencia Municipal enfatiz\u00f3 que este proyecto responde a las demandas de los pobladores de la zona rural&#8230;<\/p>\n","protected":false},"author":1018,"featured_media":0,"comment_status":"open","ping_status":"open","sticky":false,"template":"","format":"standard","meta":{"tdm_status":"","tdm_grid_status":"","footnotes":""},"categories":[27],"tags":[],"_links":{"self":[{"href":"https:\/\/dralvarez.com.mx\/larevista\/wp-json\/wp\/v2\/posts\/66796"}],"collection":[{"href":"https:\/\/dralvarez.com.mx\/larevista\/wp-json\/wp\/v2\/posts"}],"about":[{"href":"https:\/\/dralvarez.com.mx\/larevista\/wp-json\/wp\/v2\/types\/post"}],"author":[{"embeddable":true,"href":"https:\/\/dralvarez.com.mx\/larevista\/wp-json\/wp\/v2\/users\/1018"}],"replies":[{"embeddable":true,"href":"https:\/\/dralvarez.com.mx\/larevista\/wp-json\/wp\/v2\/comments?post=66796"}],"version-history":[{"count":0,"href":"https:\/\/dralvarez.com.mx\/larevista\/wp-json\/wp\/v2\/posts\/66796\/revisions"}],"wp:attachment":[{"href":"https:\/\/dralvarez.com.mx\/larevista\/wp-json\/wp\/v2\/media?parent=66796"}],"wp:term":[{"taxonomy":"category","embeddable":true,"href":"https:\/\/dralvarez.com.mx\/larevista\/wp-json\/wp\/v2\/categories?post=66796"},{"taxonomy":"post_tag","embeddable":true,"href":"https:\/\/dralvarez.com.mx\/larevista\/wp-json\/wp\/v2\/tags?post=66796"}],"curies":[{"name":"wp","href":"https:\/\/api.w.org\/{rel}","templated":true}]}}