{"id":66751,"date":"2018-06-19T00:00:00","date_gmt":"2018-06-19T06:00:00","guid":{"rendered":"https:\/\/dralvarez.com.mx\/larevista\/blog\/el-municipio-de-campeche-sera-ejemplo-nacional-en-transparencia-y-responsabilidad-ccg-26702"},"modified":"2018-06-19T00:00:00","modified_gmt":"2018-06-19T06:00:00","slug":"el-municipio-de-campeche-sera-ejemplo-nacional-en-transparencia-y-responsabilidad-ccg-26702","status":"publish","type":"post","link":"https:\/\/dralvarez.com.mx\/larevista\/compeche\/el-municipio-de-campeche-sera-ejemplo-nacional-en-transparencia-y-responsabilidad-ccg-26702","title":{"rendered":"El municipio de Campeche ser\u00e1 ejemplo nacional en transparencia y responsabilidad: CCG"},"content":{"rendered":"<p>El Ayuntamiento de Campeche ser\u00e1 de todos; tendremos una administraci\u00f3n transparente, honesta y responsable que nos ponga como ejemplo a nivel nacional, asegur\u00f3 Claudio Cetina G\u00f3mez, candidato a la Presidencia Municipal por la coalici\u00f3n \u201cCampeche para Todos\u201d.<\/p>\n<p>Subray\u00f3 que de ser favorecido el pr\u00f3ximo primero de julio, escuchar\u00e1 a todos, promoviendo que las decisiones las tomen en conjunto. Su proyecto de trabajo es un municipio incluyente que tome en cuenta la opini\u00f3n de los ciudadanos.<\/p>\n<p>Al empezar su actividad pol\u00edtica en el barrio de San Francisco, Cetina G\u00f3mez, argument\u00f3 que, poni\u00e9ndose las pilas, tambi\u00e9n se tendr\u00e1 un ayuntamiento moderno, como nunca se hab\u00eda visto, que facilite los tr\u00e1mites usando la tecnolog\u00eda y que los pobladores no pierdan tiempo en filas ni oficinas de gobierno y lo aprovechen con acciones que beneficien su econom\u00eda y a su familia.<\/p>\n<p>El abanderado aliancista, indic\u00f3 que todos desean un Campeche que nos haga sentir orgullosos, por ello trabajar\u00e1 para que sea incomparable dando soluci\u00f3n a cada una de las necesidades.<\/p>\n<p>\u201cSer\u00e9 el pr\u00f3ximo presidente municipal que, en conjunto con los diputados locales, regidores, presidentes de juntas, trabajaremos de tiempo completo para darlo todo por Campeche\u201d, ponder\u00f3. <\/p>\n<p>El trabajo en unidad -insisti\u00f3- ser\u00e1 clave para cumplir los compromisos que se han hecho. Y celebr\u00f3 que la ciudadan\u00eda est\u00e1 decidida a hacer equipo con todos los candidatos del PRI, PVEM y Nueva Alianza, para superar los retos y convertirlos en oportunidades.<\/p>\n<p>M\u00e1s tarde, visit\u00f3 casa por casa a los vecinos de la calle d\u00e9cimo primera del fraccionamiento Siglo XXI, donde le solicitaron reiteradamente mayor vigilancia y servicios p\u00fablicos eficientes, demandas que ofreci\u00f3 atender prioritariamente, apenas asuma la alcald\u00eda de Campeche con el apoyo de los ciudadanos.<\/p>\n","protected":false},"excerpt":{"rendered":"<p>El Ayuntamiento de Campeche ser\u00e1 de todos; tendremos una administraci\u00f3n transparente, honesta y responsable&#8230;<\/p>\n","protected":false},"author":1018,"featured_media":0,"comment_status":"open","ping_status":"open","sticky":false,"template":"","format":"standard","meta":{"tdm_status":"","tdm_grid_status":"","footnotes":""},"categories":[27],"tags":[],"_links":{"self":[{"href":"https:\/\/dralvarez.com.mx\/larevista\/wp-json\/wp\/v2\/posts\/66751"}],"collection":[{"href":"https:\/\/dralvarez.com.mx\/larevista\/wp-json\/wp\/v2\/posts"}],"about":[{"href":"https:\/\/dralvarez.com.mx\/larevista\/wp-json\/wp\/v2\/types\/post"}],"author":[{"embeddable":true,"href":"https:\/\/dralvarez.com.mx\/larevista\/wp-json\/wp\/v2\/users\/1018"}],"replies":[{"embeddable":true,"href":"https:\/\/dralvarez.com.mx\/larevista\/wp-json\/wp\/v2\/comments?post=66751"}],"version-history":[{"count":0,"href":"https:\/\/dralvarez.com.mx\/larevista\/wp-json\/wp\/v2\/posts\/66751\/revisions"}],"wp:attachment":[{"href":"https:\/\/dralvarez.com.mx\/larevista\/wp-json\/wp\/v2\/media?parent=66751"}],"wp:term":[{"taxonomy":"category","embeddable":true,"href":"https:\/\/dralvarez.com.mx\/larevista\/wp-json\/wp\/v2\/categories?post=66751"},{"taxonomy":"post_tag","embeddable":true,"href":"https:\/\/dralvarez.com.mx\/larevista\/wp-json\/wp\/v2\/tags?post=66751"}],"curies":[{"name":"wp","href":"https:\/\/api.w.org\/{rel}","templated":true}]}}