{"id":66729,"date":"2018-06-19T00:00:00","date_gmt":"2018-06-19T06:00:00","guid":{"rendered":"https:\/\/dralvarez.com.mx\/larevista\/blog\/destaca-gobernador-moreno-cardenas-acciones-para-fortalecer-los-servicios-de-salud-26679"},"modified":"2018-06-19T00:00:00","modified_gmt":"2018-06-19T06:00:00","slug":"destaca-gobernador-moreno-cardenas-acciones-para-fortalecer-los-servicios-de-salud-26679","status":"publish","type":"post","link":"https:\/\/dralvarez.com.mx\/larevista\/compeche\/destaca-gobernador-moreno-cardenas-acciones-para-fortalecer-los-servicios-de-salud-26679","title":{"rendered":"Destaca gobernador Moreno C\u00e1rdenas acciones para fortalecer los servicios de salud"},"content":{"rendered":"<\/p>\n<p>\u201cEn materia de salud estamos comprometidos en seguir fortaleciendo la<br \/>\ninfraestructura y los programas que garanticen la atenci\u00f3n oportuna y de<br \/>\ncalidad a las familias campechanas\u201d, afirm\u00f3 en entrevista el gobernador<br \/>\nAlejandro Moreno C\u00e1rdenas, al indicar que ha girado instrucciones para<br \/>\nrobustecer las acciones de prevenci\u00f3n y as\u00ed evitar riesgos a la salud de la<br \/>\npoblaci\u00f3n durante esta temporada de lluvias y ciclones.<\/p>\n<p>Agreg\u00f3 que su gobierno, vinculando esfuerzos con las autoridades<br \/>\nfederales y municipales, trabaja para avanzar en la consolidaci\u00f3n de un mejor<br \/>\nsistema de cobertura universal, ya que asegurando el acceso a la salud se<br \/>\ngenera justicia y bienestar social.<\/p>\n<p>Hizo hincapi\u00e9 en las acciones realizadas<br \/>\npara atender a los habitantes de las comunidades m\u00e1s alejadas, como el programa<br \/>\nde abasto de medicamentos que en el 2017 dot\u00f3 de las claves m\u00e1s demandadas a un<br \/>\ntotal de 91 centros de salud, mediante la inversi\u00f3n de 147 millones de pesos.<\/p>\n<p>A\u00f1adi\u00f3 que con un costo superior a los 86<br \/>\nmillones de pesos, en lo que va de su administraci\u00f3n se han entregado 50 ambulancias<br \/>\ntotalmente equipadas y con ello se ha fortalecido la atenci\u00f3n de traslado en<br \/>\ncasos de emergencias, principalmente en el \u00e1rea rural.<\/p>\n<p>Tambi\u00e9n subray\u00f3 que a trav\u00e9s del programa M\u00e9dico cerca de ti,<br \/>\nimplementado por su administraci\u00f3n, se ha garantizado la cobertura de atenci\u00f3n<br \/>\nlas 24 horas del d\u00eda en 41 unidades m\u00e9dicas.<\/p>\n<p>Destac\u00f3 el<br \/>\nn\u00famero de afiliados que tiene el Seguro Popular en la entidad, ya que cuenta<br \/>\ncon un padr\u00f3n de 488 mil 438 personas, 18 mil 837 m\u00e1s de las que hab\u00eda en 2017,<br \/>\nal tiempo que mencion\u00f3 que en apoyo a la<br \/>\ninfraestructura hospitalaria, a trav\u00e9s del Seguro Popular, el a\u00f1o pasado se<br \/>\nrehabilitaron 34 unidades m\u00e9dicas y se entreg\u00f3 mobiliario y equipamiento al<br \/>\nHospital General de Especialidades \u201cDr. Javier Buenfil Osorio\u201d, con una<br \/>\ninversi\u00f3n de m\u00e1s de 15 millones de pesos.<\/p>\n<p>\u2013La salud es uno de los derechos fundamentales de las personas y garantizar<br \/>\nsu atenci\u00f3n representa un acto de justicia social, por eso hemos intensificado<br \/>\nacciones que tienen que ver con el mejoramiento de la infraestructura, la<br \/>\nampliaci\u00f3n de la cobertura y el fortalecimiento de los programas y la capacitaci\u00f3n<br \/>\ndel personal \u2013indic\u00f3 Moreno C\u00e1rdenas.<\/p>\n<p>En cuanto a las acciones preventivas durante la actual temporada de<br \/>\nlluvias y ciclones, el mandatario coment\u00f3 que ha instruido a las autoridades del<br \/>\nsector salud para que se refuercen las acciones de fumigaci\u00f3n y limpieza, y se<br \/>\nconvoque a la poblaci\u00f3n a extremar precauciones.<\/p>\n<p>Manifest\u00f3 que adem\u00e1s en el seno del Consejo Estatal de Protecci\u00f3n Civil<br \/>\nse han tomado las medidas necesarias para tener el suficiente abasto de<br \/>\nmedicamentos, personal y equipamiento que asegure la atenci\u00f3n ante cualquier<br \/>\ncontingencia.<\/p><\/p>\n","protected":false},"excerpt":{"rendered":"<p>Subray\u00f3 que a trav\u00e9s del programa M\u00e9dico cerca de ti, implementado por su administraci\u00f3n, se ha garantizado la cobertura de atenci\u00f3n las 24 horas del<\/p>\n","protected":false},"author":1018,"featured_media":0,"comment_status":"open","ping_status":"open","sticky":false,"template":"","format":"standard","meta":{"tdm_status":"","tdm_grid_status":"","footnotes":""},"categories":[27],"tags":[],"_links":{"self":[{"href":"https:\/\/dralvarez.com.mx\/larevista\/wp-json\/wp\/v2\/posts\/66729"}],"collection":[{"href":"https:\/\/dralvarez.com.mx\/larevista\/wp-json\/wp\/v2\/posts"}],"about":[{"href":"https:\/\/dralvarez.com.mx\/larevista\/wp-json\/wp\/v2\/types\/post"}],"author":[{"embeddable":true,"href":"https:\/\/dralvarez.com.mx\/larevista\/wp-json\/wp\/v2\/users\/1018"}],"replies":[{"embeddable":true,"href":"https:\/\/dralvarez.com.mx\/larevista\/wp-json\/wp\/v2\/comments?post=66729"}],"version-history":[{"count":0,"href":"https:\/\/dralvarez.com.mx\/larevista\/wp-json\/wp\/v2\/posts\/66729\/revisions"}],"wp:attachment":[{"href":"https:\/\/dralvarez.com.mx\/larevista\/wp-json\/wp\/v2\/media?parent=66729"}],"wp:term":[{"taxonomy":"category","embeddable":true,"href":"https:\/\/dralvarez.com.mx\/larevista\/wp-json\/wp\/v2\/categories?post=66729"},{"taxonomy":"post_tag","embeddable":true,"href":"https:\/\/dralvarez.com.mx\/larevista\/wp-json\/wp\/v2\/tags?post=66729"}],"curies":[{"name":"wp","href":"https:\/\/api.w.org\/{rel}","templated":true}]}}