{"id":66670,"date":"2018-06-18T00:00:00","date_gmt":"2018-06-18T06:00:00","guid":{"rendered":"https:\/\/dralvarez.com.mx\/larevista\/blog\/reforzar-el-desarrollo-en-las-comunidades-rurales-compromiso-de-claudio-cetina-gomez-26615"},"modified":"2018-06-18T00:00:00","modified_gmt":"2018-06-18T06:00:00","slug":"reforzar-el-desarrollo-en-las-comunidades-rurales-compromiso-de-claudio-cetina-gomez-26615","status":"publish","type":"post","link":"https:\/\/dralvarez.com.mx\/larevista\/compeche\/reforzar-el-desarrollo-en-las-comunidades-rurales-compromiso-de-claudio-cetina-gomez-26615","title":{"rendered":"Reforzar el desarrollo en las comunidades rurales, compromiso de Claudio Cetina G\u00f3mez"},"content":{"rendered":"<p>Las comunidades rurales tendr\u00e1n atenci\u00f3n inmediata a sus demandas para que sus pobladores tengan mejor calidad de vida, as\u00ed como espacios para trabajar y convivir sanamente, fue el compromiso adquirido por Claudio Cetina G\u00f3mez durante su visita este fin de semana a las comunidades de Alfredo V. Bonfil y Adolfo Ruiz Cortines.<\/p>\n<p>En la recta final de las actividades pol\u00edticas, rumbo al primero de julio, el candidato a la Presidencia Municipal por el Partido Revolucionario Institucional (PRI), Partido Verde Ecologista de M\u00e9xico (PVEM) y Partido Nueva Alianza (PANAL), signific\u00f3 que las comunidades rurales jugar\u00e1n un papel primordial durante su administraci\u00f3n, para juntos, impulsar el crecimiento econ\u00f3mico, social y tur\u00edstico del municipio.<\/p>\n<p>El abanderado de la coalici\u00f3n \u201cCampeche para Todos\u201d, signific\u00f3 que su administraci\u00f3n trabajar\u00e1 para detonar la agroindustria en tales comunidades, as\u00ed como darles el valor agregado a los productos de la zona rural ante la posibilidad de generar cadenas de valores a trav\u00e9s de la Zona Econ\u00f3mica Especial.<\/p>\n<p>Al visitar las secciones electorales 140, 141 y 143, Cetina G\u00f3mez, expuso que de esta manera ser\u00e1n detonados los empleos en la zona rural y tambi\u00e9n ser\u00e1n mejorados los servicios p\u00fablicos. <\/p>\n<p>Al ser el municipio de Campeche el que m\u00e1s producci\u00f3n agr\u00edcola tiene en el Estado, s\u00f3lo por debajo de Hopelch\u00e9n, y al contar con amplia diversidad de productos agr\u00edcolas, sobre todo frutales, dijo que se tendr\u00e1n que fortalecer los canales de comercializaci\u00f3n e industrializaci\u00f3n de estos. <\/p>\n<p>Al respecto, abund\u00f3 que es importante que los ciudadanos, empresarios, comerciantes y estudiantes, est\u00e9n cada vez m\u00e1s preparados para las oportunidades que ir\u00e1n gener\u00e1ndose sobre este tema.<\/p>\n<p>Durante su visita a dichas comunidades, donde fue recibido con porras y pancartas, \u201cel gallo\u201d, agradeci\u00f3 las muestras de cari\u00f1o e insisti\u00f3 en su compromiso de brindar resultados permanentes.<\/p>\n<p> \u201cCada d\u00eda falta menos para el triunfo, as\u00ed que con todas las pilas seguiremos caminando las calles y tocando todas las puertas de nuestra capital\u201d, asever\u00f3.<\/p>\n","protected":false},"excerpt":{"rendered":"<p>Las comunidades rurales tendr\u00e1n atenci\u00f3n inmediata a sus demandas para que sus pobladores tengan mejor calidad de vida&#8230;<\/p>\n","protected":false},"author":1018,"featured_media":0,"comment_status":"open","ping_status":"open","sticky":false,"template":"","format":"standard","meta":{"tdm_status":"","tdm_grid_status":"","footnotes":""},"categories":[27],"tags":[],"_links":{"self":[{"href":"https:\/\/dralvarez.com.mx\/larevista\/wp-json\/wp\/v2\/posts\/66670"}],"collection":[{"href":"https:\/\/dralvarez.com.mx\/larevista\/wp-json\/wp\/v2\/posts"}],"about":[{"href":"https:\/\/dralvarez.com.mx\/larevista\/wp-json\/wp\/v2\/types\/post"}],"author":[{"embeddable":true,"href":"https:\/\/dralvarez.com.mx\/larevista\/wp-json\/wp\/v2\/users\/1018"}],"replies":[{"embeddable":true,"href":"https:\/\/dralvarez.com.mx\/larevista\/wp-json\/wp\/v2\/comments?post=66670"}],"version-history":[{"count":0,"href":"https:\/\/dralvarez.com.mx\/larevista\/wp-json\/wp\/v2\/posts\/66670\/revisions"}],"wp:attachment":[{"href":"https:\/\/dralvarez.com.mx\/larevista\/wp-json\/wp\/v2\/media?parent=66670"}],"wp:term":[{"taxonomy":"category","embeddable":true,"href":"https:\/\/dralvarez.com.mx\/larevista\/wp-json\/wp\/v2\/categories?post=66670"},{"taxonomy":"post_tag","embeddable":true,"href":"https:\/\/dralvarez.com.mx\/larevista\/wp-json\/wp\/v2\/tags?post=66670"}],"curies":[{"name":"wp","href":"https:\/\/api.w.org\/{rel}","templated":true}]}}