{"id":66571,"date":"2018-06-14T00:00:00","date_gmt":"2018-06-14T06:00:00","guid":{"rendered":"https:\/\/dralvarez.com.mx\/larevista\/blog\/apostamos-al-desarrollo-del-municipio-y-del-estado-cetina-gomez-26514"},"modified":"2018-06-14T00:00:00","modified_gmt":"2018-06-14T06:00:00","slug":"apostamos-al-desarrollo-del-municipio-y-del-estado-cetina-gomez-26514","status":"publish","type":"post","link":"https:\/\/dralvarez.com.mx\/larevista\/compeche\/apostamos-al-desarrollo-del-municipio-y-del-estado-cetina-gomez-26514","title":{"rendered":"Apostamos al desarrollo del municipio y del Estado: Cetina G\u00f3mez"},"content":{"rendered":"<p>Trabajaremos por el municipio y el Estado juntos, para que a Campeche le vaya bien, afirm\u00f3 Claudio Cetina G\u00f3mez, candidato a la Presidencia Municipal de Campeche por la coalici\u00f3n \u201cCampeche para Todos\u201d.<\/p>\n<p>Insisti\u00f3 en que hay que continuar apostando por el desarrollo del municipio, por ello, como alcalde, trabajar\u00e1 de la mano con el Gobierno Estatal y el Federal y as\u00ed, se lograr\u00e1 tener la mejor infraestructura y programas para consolidar condiciones de vida digna, con seguridad, paz y econom\u00eda estable.<\/p>\n<p>\u201cTrabajemos juntos y en equipo, pensando en el municipio y el Estado; hoy tenemos certeza, certidumbre y claridad en el desarrollo que queremos y por el que tenemos que luchar\u201d, asever\u00f3.<\/p>\n<p>Declar\u00f3 que, tiene los conocimientos necesarios de los planes a corto, mediano y largo plazo para que a Campeche le vaya cada vez mejor, as\u00ed como tambi\u00e9n dar\u00e1 continuidad a las acciones exitosas.<\/p>\n<p>Durante su recorrido por la colonia Pablo Garc\u00eda y la unidad habitacional Presidentes de M\u00e9xico, el aliancista, se dijo con las pilas bien puestas para formar un excelente equipo y dar lo mejor por Campeche y los campechanos. <\/p>\n<p>Invit\u00f3 a todos a que se pongas las pilas con \u00e9l y el equipo que conforma la alianza \u201cCampeche para Todos\u201d, para que la ciudadan\u00eda avance hacia el progreso.<\/p>\n","protected":false},"excerpt":{"rendered":"<p>Trabajemos juntos y en equipo, pensando en el municipio y el Estado&#8230;<\/p>\n","protected":false},"author":1018,"featured_media":0,"comment_status":"open","ping_status":"open","sticky":false,"template":"","format":"standard","meta":{"tdm_status":"","tdm_grid_status":"","footnotes":""},"categories":[27],"tags":[],"_links":{"self":[{"href":"https:\/\/dralvarez.com.mx\/larevista\/wp-json\/wp\/v2\/posts\/66571"}],"collection":[{"href":"https:\/\/dralvarez.com.mx\/larevista\/wp-json\/wp\/v2\/posts"}],"about":[{"href":"https:\/\/dralvarez.com.mx\/larevista\/wp-json\/wp\/v2\/types\/post"}],"author":[{"embeddable":true,"href":"https:\/\/dralvarez.com.mx\/larevista\/wp-json\/wp\/v2\/users\/1018"}],"replies":[{"embeddable":true,"href":"https:\/\/dralvarez.com.mx\/larevista\/wp-json\/wp\/v2\/comments?post=66571"}],"version-history":[{"count":0,"href":"https:\/\/dralvarez.com.mx\/larevista\/wp-json\/wp\/v2\/posts\/66571\/revisions"}],"wp:attachment":[{"href":"https:\/\/dralvarez.com.mx\/larevista\/wp-json\/wp\/v2\/media?parent=66571"}],"wp:term":[{"taxonomy":"category","embeddable":true,"href":"https:\/\/dralvarez.com.mx\/larevista\/wp-json\/wp\/v2\/categories?post=66571"},{"taxonomy":"post_tag","embeddable":true,"href":"https:\/\/dralvarez.com.mx\/larevista\/wp-json\/wp\/v2\/tags?post=66571"}],"curies":[{"name":"wp","href":"https:\/\/api.w.org\/{rel}","templated":true}]}}