{"id":66533,"date":"2018-06-14T00:00:00","date_gmt":"2018-06-14T06:00:00","guid":{"rendered":"https:\/\/dralvarez.com.mx\/larevista\/blog\/bancampeche-presenta-nuevo-modelo-de-programas-26474"},"modified":"2018-06-14T00:00:00","modified_gmt":"2018-06-14T06:00:00","slug":"bancampeche-presenta-nuevo-modelo-de-programas-26474","status":"publish","type":"post","link":"https:\/\/dralvarez.com.mx\/larevista\/compeche\/bancampeche-presenta-nuevo-modelo-de-programas-26474","title":{"rendered":"Bancampeche presenta nuevo modelo de programas"},"content":{"rendered":"<p>coordinador general, Erik Vargas Hern\u00e1ndez, expuso a hoteleros y prestadores de servicios tur\u00edsticos de la localidad de Isla Aguada, del municipio del Carmen, las oportunidades de acceso a financiamiento que les permita mejorar sus instalaciones y poder brindar servicios de calidad que fomente el turismo y as\u00ed crear una derrama econ\u00f3mica en esta zona.<\/p>\n<p>Asimismo, Vargas Hern\u00e1ndez se reuni\u00f3 con emprendedores, productores y microempresarios de Sabancuy para presentar la oferta financiera de la instituci\u00f3n y buscar \u00e1reas de oportunidad en sectores como comercial, pesca, ganado y de servicios.<\/p>\n<p>Por \u00faltimo, invit\u00f3 a participar a microempresarios y emprendedores del municipio de Champot\u00f3n a los programas crediticios de Bancampeche, para que las mipymes, a trav\u00e9s del acceso al financiamiento, puedan convertirse en empresas altamente competitivas, ya que la Zona Econ\u00f3mica Especial (ZEE), atraer\u00e1 inversi\u00f3n nacional y extranjera, y las empresas anclas requerir\u00e1n  servicios y productos locales.<\/p>\n<p>De esta manera se refuerza el compromiso de la Secretaria de Desarrollo Econ\u00f3mico (SEDECO) y de Bancampeche, en la b\u00fasqueda del crecimiento productivo de cada sector no solo otorgando financiamiento, sino tambi\u00e9n ofreciendo cursos\/talleres sobre finanzas, reforzando la capacitaci\u00f3n empresarial y desarrollando estrategias que acerquen diversos servicios financieros en el Estado.<\/p>\n","protected":false},"excerpt":{"rendered":"<p>Vargas Hern\u00e1ndez se reuni\u00f3 con emprendedores, productores y microempresarios de Sabancuy&#8230;<\/p>\n","protected":false},"author":1018,"featured_media":0,"comment_status":"open","ping_status":"open","sticky":false,"template":"","format":"standard","meta":{"tdm_status":"","tdm_grid_status":"","footnotes":""},"categories":[27],"tags":[],"_links":{"self":[{"href":"https:\/\/dralvarez.com.mx\/larevista\/wp-json\/wp\/v2\/posts\/66533"}],"collection":[{"href":"https:\/\/dralvarez.com.mx\/larevista\/wp-json\/wp\/v2\/posts"}],"about":[{"href":"https:\/\/dralvarez.com.mx\/larevista\/wp-json\/wp\/v2\/types\/post"}],"author":[{"embeddable":true,"href":"https:\/\/dralvarez.com.mx\/larevista\/wp-json\/wp\/v2\/users\/1018"}],"replies":[{"embeddable":true,"href":"https:\/\/dralvarez.com.mx\/larevista\/wp-json\/wp\/v2\/comments?post=66533"}],"version-history":[{"count":0,"href":"https:\/\/dralvarez.com.mx\/larevista\/wp-json\/wp\/v2\/posts\/66533\/revisions"}],"wp:attachment":[{"href":"https:\/\/dralvarez.com.mx\/larevista\/wp-json\/wp\/v2\/media?parent=66533"}],"wp:term":[{"taxonomy":"category","embeddable":true,"href":"https:\/\/dralvarez.com.mx\/larevista\/wp-json\/wp\/v2\/categories?post=66533"},{"taxonomy":"post_tag","embeddable":true,"href":"https:\/\/dralvarez.com.mx\/larevista\/wp-json\/wp\/v2\/tags?post=66533"}],"curies":[{"name":"wp","href":"https:\/\/api.w.org\/{rel}","templated":true}]}}