{"id":66528,"date":"2018-06-14T00:00:00","date_gmt":"2018-06-14T06:00:00","guid":{"rendered":"https:\/\/dralvarez.com.mx\/larevista\/blog\/evaluan-acciones-preventivas-por-temporada-de-lluvias-y-ciclones-2018-26469"},"modified":"2018-06-14T00:00:00","modified_gmt":"2018-06-14T06:00:00","slug":"evaluan-acciones-preventivas-por-temporada-de-lluvias-y-ciclones-2018-26469","status":"publish","type":"post","link":"https:\/\/dralvarez.com.mx\/larevista\/compeche\/evaluan-acciones-preventivas-por-temporada-de-lluvias-y-ciclones-2018-26469","title":{"rendered":"Eval\u00faan acciones preventivas por temporada de lluvias y ciclones 2018"},"content":{"rendered":"<p>En representaci\u00f3n del gobernador Alejandro Moreno C\u00e1rdenas, el secretario general de Gobierno, Carlos Miguel Aysa Gonz\u00e1lez, encabez\u00f3 la sesi\u00f3n del Consejo Estatal de Protecci\u00f3n Civil donde se dieron a conocer las acciones preventivas que de forma coordinada los tres niveles de gobierno han llevado a cabo para garantizar la seguridad y el auxilio de la poblaci\u00f3n, durante la Temporada de Lluvias y Ciclones Tropicales 2018.<\/p>\n<p>Aysa Gonz\u00e1lez exhort\u00f3 a los integrantes del organismo a mantenerse atentos y bien coordinados para responder de manera inmediata a cualquier situaci\u00f3n de emergencia que se presente en la entidad.<\/p>\n<p>Extern\u00f3 su reconocimiento a las instancias de gobierno y de la sociedad civil porque desde hace dos meses comenzaron a trabajar en las acciones de prevenci\u00f3n, lo que asegura que el estado se encuentra preparado ante la temporada de lluvias y ciclones.<\/p>\n<p>Pidi\u00f3 no bajar la guardia y fortalecer los mecanismos de coordinaci\u00f3n y comunicaci\u00f3n con la sociedad para que a tiempo reciba las recomendaciones y alertas que emitan las autoridades.<\/p>\n<p>\u201cEl gobernador del estado nos ha pedido que fortalezcamos la vinculaci\u00f3n del Consejo Estatal de Protecci\u00f3n Civil para poder prevenir y auxiliar de inmediato a la poblaci\u00f3n ante alguna contingencia\u201d, concluy\u00f3.<\/p>\n<p>Antes, el secretario de Protecci\u00f3n Civil, Gibr\u00e1n Burad Abud, present\u00f3 un informe de las tareas de prevenci\u00f3n realizadas por los 14 comit\u00e9s de trabajo que componen el consejo, en el que se destac\u00f3 que fue actualizada la lista de refugios temporales con el apoyo de los ayuntamientos y la Secretar\u00eda de Educaci\u00f3n, por lo que en esta temporada se tienen disponibles 567 espacios en todo el estado,  con capacidad para albergar a 53 mil 189 personas.<\/p>\n<p>Indic\u00f3 que tambi\u00e9n se iniciaron campa\u00f1as de difusi\u00f3n sobre la formaci\u00f3n de los distintos fen\u00f3menos naturales y las recomendaciones a seguir, y se han fortalecido las reuniones de trabajo con los comit\u00e9s de protecci\u00f3n civil municipales.<\/p>\n<p>Durante la sesi\u00f3n, el director de An\u00e1lisis y Prevenci\u00f3n de Riesgos de la Seproci, Hugo Villa Obreg\u00f3n, record\u00f3 que para esta temporada 2018 se pronostic\u00f3 la formaci\u00f3n de 14 ciclones tropicales, de los cuales siete prodr\u00edan ser tormentas tropicales, cuatro huracanes fuertes y tres huracanes intensos.<\/p>\n<p>Tambien dijo que en lo que resta del mes de junio y durante julio se prev\u00e9n precipitaciones poco abundantes, mientras que para el mes de agosto, se vaticinan precipitaciones por arriba de lo normal.<\/p>\n<p>En la sesi\u00f3n estuvieron presentes los secretarios de Finanzas, Am\u00e9rica Azar P\u00e9rez; de Seguridad P\u00fablica, Jorge Arg\u00e1ez Uribe, y de Administraci\u00f3n e Innovaci\u00f3n Gubernamental, Gustavo Ortiz Gonz\u00e1lez, as\u00ed como el capit\u00e1n de Puerto, Jos\u00e9 Florentino Gallardo, entre otros funcionarios.<\/p>\n","protected":false},"excerpt":{"rendered":"<p>El secretario general de Gobierno, Carlos Miguel Aysa Gonz\u00e1lez, encabez\u00f3 la sesi\u00f3n del Consejo Estatal de Protecci\u00f3n Civil&#8230;<\/p>\n","protected":false},"author":1018,"featured_media":0,"comment_status":"open","ping_status":"open","sticky":false,"template":"","format":"standard","meta":{"tdm_status":"","tdm_grid_status":"","footnotes":""},"categories":[27],"tags":[],"_links":{"self":[{"href":"https:\/\/dralvarez.com.mx\/larevista\/wp-json\/wp\/v2\/posts\/66528"}],"collection":[{"href":"https:\/\/dralvarez.com.mx\/larevista\/wp-json\/wp\/v2\/posts"}],"about":[{"href":"https:\/\/dralvarez.com.mx\/larevista\/wp-json\/wp\/v2\/types\/post"}],"author":[{"embeddable":true,"href":"https:\/\/dralvarez.com.mx\/larevista\/wp-json\/wp\/v2\/users\/1018"}],"replies":[{"embeddable":true,"href":"https:\/\/dralvarez.com.mx\/larevista\/wp-json\/wp\/v2\/comments?post=66528"}],"version-history":[{"count":0,"href":"https:\/\/dralvarez.com.mx\/larevista\/wp-json\/wp\/v2\/posts\/66528\/revisions"}],"wp:attachment":[{"href":"https:\/\/dralvarez.com.mx\/larevista\/wp-json\/wp\/v2\/media?parent=66528"}],"wp:term":[{"taxonomy":"category","embeddable":true,"href":"https:\/\/dralvarez.com.mx\/larevista\/wp-json\/wp\/v2\/categories?post=66528"},{"taxonomy":"post_tag","embeddable":true,"href":"https:\/\/dralvarez.com.mx\/larevista\/wp-json\/wp\/v2\/tags?post=66528"}],"curies":[{"name":"wp","href":"https:\/\/api.w.org\/{rel}","templated":true}]}}