{"id":66522,"date":"2018-06-14T00:00:00","date_gmt":"2018-06-14T06:00:00","guid":{"rendered":"https:\/\/dralvarez.com.mx\/larevista\/blog\/hay-que-presumir-a-campeche-como-la-tierra-del-pregonero-ccg-26463"},"modified":"2018-06-14T00:00:00","modified_gmt":"2018-06-14T06:00:00","slug":"hay-que-presumir-a-campeche-como-la-tierra-del-pregonero-ccg-26463","status":"publish","type":"post","link":"https:\/\/dralvarez.com.mx\/larevista\/compeche\/hay-que-presumir-a-campeche-como-la-tierra-del-pregonero-ccg-26463","title":{"rendered":"Hay que presumir a Campeche como la tierra del pregonero: CCG"},"content":{"rendered":"<p>\u201cHay que presumir a Campeche como la tierra del pregonero\u201d, afirm\u00f3 Claudio Cetina G\u00f3mez, candidato a la Presidencia Municipal de Campeche, luego de se\u00f1alar que su administraci\u00f3n trabajar\u00e1 para recuperar la imagen de los pregoneros campechanos, quienes son parte de la cultura popular, el folklor y la historia de Campeche.<\/p>\n<p>Para ello, dijo que se compromete a la regularizaci\u00f3n de los vendedores ambulantes, a que tengan mejores condiciones laborales y econ\u00f3micas; que sean respetados y que vivan con tranquilidad y sin temor a ser desplazados.<\/p>\n<p>Durante su caminata por el tradicional barrio Santa Ana, Cetina G\u00f3mez, enfatiz\u00f3 que tambi\u00e9n trabajar\u00e1 en una reglamentaci\u00f3n para los ambulantes, con rutas, horarios establecidos y que porten uniformes para que sean muestra del orgullo campechano.<\/p>\n<p>El candidato aliancista, detall\u00f3 que al representar la cultura y tradici\u00f3n campechana y para generar mayor econom\u00eda y estabilidad entre estos comerciantes, se realizar\u00e1n concursos de preg\u00f3n, decorado de los carritos ambulantes y ser\u00e1n involucrados en el Carnaval de Campeche.<\/p>\n<p>\u201cLos campechanos somos ricos en tradiciones y tenemos muchas para compartir, tenemos que ponernos las pilas y rescatar una de las preciadas referencias culturales, el preg\u00f3n campechano\u201d, insisti\u00f3 el abanderado de la coalici\u00f3n \u201cCampeche para Todos\u201d.<\/p>\n<p>Por la tarde, el candidato, visit\u00f3 las comunidades de Uzhazil Edzn\u00e1 y Tixmucuy, donde agradeci\u00f3 a los pobladores que le den la oportunidad de explicar su plan de trabajo para el municipio, as\u00ed como tambi\u00e9n escuch\u00f3 las propuestas de los pobladores para que Campeche crezca y todos tengan mejores condiciones.<\/p>\n","protected":false},"excerpt":{"rendered":"<p>\u201cHay que presumir a Campeche como la tierra del pregonero\u201d, afirm\u00f3 Claudio Cetina&#8230;<\/p>\n","protected":false},"author":1018,"featured_media":0,"comment_status":"open","ping_status":"open","sticky":false,"template":"","format":"standard","meta":{"tdm_status":"","tdm_grid_status":"","footnotes":""},"categories":[27],"tags":[],"_links":{"self":[{"href":"https:\/\/dralvarez.com.mx\/larevista\/wp-json\/wp\/v2\/posts\/66522"}],"collection":[{"href":"https:\/\/dralvarez.com.mx\/larevista\/wp-json\/wp\/v2\/posts"}],"about":[{"href":"https:\/\/dralvarez.com.mx\/larevista\/wp-json\/wp\/v2\/types\/post"}],"author":[{"embeddable":true,"href":"https:\/\/dralvarez.com.mx\/larevista\/wp-json\/wp\/v2\/users\/1018"}],"replies":[{"embeddable":true,"href":"https:\/\/dralvarez.com.mx\/larevista\/wp-json\/wp\/v2\/comments?post=66522"}],"version-history":[{"count":0,"href":"https:\/\/dralvarez.com.mx\/larevista\/wp-json\/wp\/v2\/posts\/66522\/revisions"}],"wp:attachment":[{"href":"https:\/\/dralvarez.com.mx\/larevista\/wp-json\/wp\/v2\/media?parent=66522"}],"wp:term":[{"taxonomy":"category","embeddable":true,"href":"https:\/\/dralvarez.com.mx\/larevista\/wp-json\/wp\/v2\/categories?post=66522"},{"taxonomy":"post_tag","embeddable":true,"href":"https:\/\/dralvarez.com.mx\/larevista\/wp-json\/wp\/v2\/tags?post=66522"}],"curies":[{"name":"wp","href":"https:\/\/api.w.org\/{rel}","templated":true}]}}