{"id":66477,"date":"2018-06-13T00:00:00","date_gmt":"2018-06-13T06:00:00","guid":{"rendered":"https:\/\/dralvarez.com.mx\/larevista\/blog\/ratifica-claudio-cetina-gomez-su-apoyo-al-deporte-26417"},"modified":"2018-06-13T00:00:00","modified_gmt":"2018-06-13T06:00:00","slug":"ratifica-claudio-cetina-gomez-su-apoyo-al-deporte-26417","status":"publish","type":"post","link":"https:\/\/dralvarez.com.mx\/larevista\/compeche\/ratifica-claudio-cetina-gomez-su-apoyo-al-deporte-26417","title":{"rendered":"Ratifica Claudio Cetina G\u00f3mez su apoyo al deporte"},"content":{"rendered":"<p>Claudio Cetina G\u00f3mez, candidato a la Presidencia Municipal de Campeche, refrend\u00f3 su compromiso de apoyar el deporte, se\u00f1alando que es importante fomentarlo entre los j\u00f3venes y la poblaci\u00f3n en general.<\/p>\n<p>Recibiendo el respaldo de los habitantes de la colonia Minas, la unidad habitacional Lindavista y el Fovissste Bel\u00e9n, Cetina G\u00f3mez, los invit\u00f3 a unirse a su proyecto de trabajo para colocar al municipio en el plano nacional e internacional.<\/p>\n<p>Refiri\u00f3 que el deporte es un aspecto importante dentro de su plan de trabajo, por ello, se impulsar\u00e1n mejores espacios y mejorar\u00e1 la infraestructura; se apoyar\u00e1n los eventos locales y se trabajar\u00e1 en alianza para traer eventos deportivos nacionales e internacionales.<\/p>\n<p>Asimismo, dijo que se tiene contemplado la creaci\u00f3n de la bici-ruta para que todos los domingos, las familias campechanas puedan hacer ejercicio y tengan un momento de convivencia.<\/p>\n<p>\u201cSon propuestas viables, posibles de llevarlas a la pr\u00e1ctica, porque ser\u00e1n de beneficio com\u00fan. No tengan duda, ser\u00e9 un alcalde cercano a la gente y siempre en busca de las mejores condiciones de vida para todos\u201d, explic\u00f3.<\/p>\n<p>Finalmente, el aliancista emiti\u00f3 su opini\u00f3n sobre el tercer debate presidencial, asegurando que es Jos\u00e9 Antonio Meade la mejor opci\u00f3n para dirigir los rumbos de M\u00e9xico, en equipo con los candidatos de la alianza conformada por el Partido Revolucionario Institucional (PRI), Partido Verde Ecologista de M\u00e9xico (PVEM) y Partido Nueva Alianza (PANAL).<\/p>\n","protected":false},"excerpt":{"rendered":"<p>Claudio Cetina G\u00f3mez, candidato a la Presidencia Municipal de Campeche, refrend\u00f3 su compromiso de apoyar el deporte&#8230;<\/p>\n","protected":false},"author":1018,"featured_media":0,"comment_status":"open","ping_status":"open","sticky":false,"template":"","format":"standard","meta":{"tdm_status":"","tdm_grid_status":"","footnotes":""},"categories":[27],"tags":[],"_links":{"self":[{"href":"https:\/\/dralvarez.com.mx\/larevista\/wp-json\/wp\/v2\/posts\/66477"}],"collection":[{"href":"https:\/\/dralvarez.com.mx\/larevista\/wp-json\/wp\/v2\/posts"}],"about":[{"href":"https:\/\/dralvarez.com.mx\/larevista\/wp-json\/wp\/v2\/types\/post"}],"author":[{"embeddable":true,"href":"https:\/\/dralvarez.com.mx\/larevista\/wp-json\/wp\/v2\/users\/1018"}],"replies":[{"embeddable":true,"href":"https:\/\/dralvarez.com.mx\/larevista\/wp-json\/wp\/v2\/comments?post=66477"}],"version-history":[{"count":0,"href":"https:\/\/dralvarez.com.mx\/larevista\/wp-json\/wp\/v2\/posts\/66477\/revisions"}],"wp:attachment":[{"href":"https:\/\/dralvarez.com.mx\/larevista\/wp-json\/wp\/v2\/media?parent=66477"}],"wp:term":[{"taxonomy":"category","embeddable":true,"href":"https:\/\/dralvarez.com.mx\/larevista\/wp-json\/wp\/v2\/categories?post=66477"},{"taxonomy":"post_tag","embeddable":true,"href":"https:\/\/dralvarez.com.mx\/larevista\/wp-json\/wp\/v2\/tags?post=66477"}],"curies":[{"name":"wp","href":"https:\/\/api.w.org\/{rel}","templated":true}]}}