{"id":66463,"date":"2018-06-12T00:00:00","date_gmt":"2018-06-12T06:00:00","guid":{"rendered":"https:\/\/dralvarez.com.mx\/larevista\/blog\/secretaria-de-turismo-26403"},"modified":"2018-06-12T00:00:00","modified_gmt":"2018-06-12T06:00:00","slug":"secretaria-de-turismo-26403","status":"publish","type":"post","link":"https:\/\/dralvarez.com.mx\/larevista\/compeche\/secretaria-de-turismo-26403","title":{"rendered":"Secretar\u00eda de turismo"},"content":{"rendered":"<\/p>\n<p>Ante la proximidad del periodo vacacional de verano 2018, el titular de la Secretar\u00eda de Turismo del Gobierno del Estado (SECTUR), Jorge Manos Esparragoza, se encuentra recorriendo los atractivos tur\u00edsticos de la Entidad, por lo que en esta ocasi\u00f3n visit\u00f3 Isla Arena, Calkin\u00ed, con el objetivo de fortalecer los servicios de atenci\u00f3n al turismo en la localidad, as\u00ed como crear sinergia con los empresarios, acordando programar cursos de capacitaci\u00f3n en atenci\u00f3n al cliente.<\/p>\n<p>&nbsp;<\/p>\n<p><\/p>\n","protected":false},"excerpt":{"rendered":"<p>Jorge Manos Esparragoza, se encuentra recorriendo los atractivos tur\u00edsticos de la Entidad&#8230;<\/p>\n","protected":false},"author":1018,"featured_media":0,"comment_status":"open","ping_status":"open","sticky":false,"template":"","format":"standard","meta":{"tdm_status":"","tdm_grid_status":"","footnotes":""},"categories":[27],"tags":[],"_links":{"self":[{"href":"https:\/\/dralvarez.com.mx\/larevista\/wp-json\/wp\/v2\/posts\/66463"}],"collection":[{"href":"https:\/\/dralvarez.com.mx\/larevista\/wp-json\/wp\/v2\/posts"}],"about":[{"href":"https:\/\/dralvarez.com.mx\/larevista\/wp-json\/wp\/v2\/types\/post"}],"author":[{"embeddable":true,"href":"https:\/\/dralvarez.com.mx\/larevista\/wp-json\/wp\/v2\/users\/1018"}],"replies":[{"embeddable":true,"href":"https:\/\/dralvarez.com.mx\/larevista\/wp-json\/wp\/v2\/comments?post=66463"}],"version-history":[{"count":0,"href":"https:\/\/dralvarez.com.mx\/larevista\/wp-json\/wp\/v2\/posts\/66463\/revisions"}],"wp:attachment":[{"href":"https:\/\/dralvarez.com.mx\/larevista\/wp-json\/wp\/v2\/media?parent=66463"}],"wp:term":[{"taxonomy":"category","embeddable":true,"href":"https:\/\/dralvarez.com.mx\/larevista\/wp-json\/wp\/v2\/categories?post=66463"},{"taxonomy":"post_tag","embeddable":true,"href":"https:\/\/dralvarez.com.mx\/larevista\/wp-json\/wp\/v2\/tags?post=66463"}],"curies":[{"name":"wp","href":"https:\/\/api.w.org\/{rel}","templated":true}]}}