{"id":66413,"date":"2018-06-11T00:00:00","date_gmt":"2018-06-11T06:00:00","guid":{"rendered":"https:\/\/dralvarez.com.mx\/larevista\/blog\/seguiremos-construyendo-la-grandiosa-historia-de-campeche-asegura-claudio-cetina-26349"},"modified":"2018-06-11T00:00:00","modified_gmt":"2018-06-11T06:00:00","slug":"seguiremos-construyendo-la-grandiosa-historia-de-campeche-asegura-claudio-cetina-26349","status":"publish","type":"post","link":"https:\/\/dralvarez.com.mx\/larevista\/compeche\/seguiremos-construyendo-la-grandiosa-historia-de-campeche-asegura-claudio-cetina-26349","title":{"rendered":"Seguiremos construyendo la grandiosa historia de Campeche, asegura Claudio Cetina"},"content":{"rendered":"<\/p>\n<p>\u201cLa riqueza cultural,<br \/>\nnatural, gastron\u00f3mica y tur\u00edstica de Campeche es \u00fanica, por lo tanto, son elementos<br \/>\nque deben ser aprovechados para seguir construyendo la grandiosa historia de<br \/>\nCampeche\u201d, enfatiz\u00f3 el candidato a la alcald\u00eda de Campeche, Claudio Cetina<br \/>\nG\u00f3mez.<\/p>\n<p>Desde el parador tur\u00edstico<br \/>\ndel malec\u00f3n de la ciudad, donde present\u00f3 su s\u00e9ptimo eje \u201cCampeche Vive\u201d, Cetina<br \/>\nG\u00f3mez, refiri\u00f3 que su administraci\u00f3n aprovechar\u00e1 los espacios como parques y<br \/>\nplazas para ofrecer exposiciones art\u00edsticas, culturales y el municipio sea una<br \/>\nciudad m\u00e1s viva y din\u00e1mica para todas las personas.<\/p>\n<p>Al invitar a llevar un<br \/>\nproceso electoral tranquilo, el abanderado de la coalici\u00f3n \u201cCampeche para<br \/>\nTodos\u201d, coment\u00f3 que en el tema cultural aprovechar\u00e1 la denominaci\u00f3n de<br \/>\nPatrimonio Cultural de la Humanidad para la promoci\u00f3n y que campechanos y<br \/>\nturistas disfruten cada uno de los atractivos con que cuenta el municipio.<\/p>\n<p>Explic\u00f3 que dentro de este<br \/>\neje se tiene contemplado la organizaci\u00f3n de un triatl\u00f3n, un<br \/>\ntorneo de aguas abiertas, actividades de Kayakismo y pesca deportiva, opciones<br \/>\nviables para mostrar y difundir las riquezas naturales y culturales de Campeche.<\/p>\n<p>\u201cY hay una m\u00e1s\u2026 nuestra<br \/>\ncomida, que vamos a aprovechar m\u00e1s, creando un centro de excelencia<br \/>\ngastron\u00f3mica campechana\u201d, agreg\u00f3 el candidato.<\/p>\n<p>Igual consider\u00f3 que se debe<br \/>\naprovechar el talento local, la riqueza del territorio y traer eventos que los<br \/>\ncampechanos merecen para demostrar al mundo que se tienen todas las condiciones<br \/>\npara destacar en el plano nacional e internacional.<\/p>\n<p>Por otra parte, subray\u00f3 que<br \/>\ndurante sus recorridos por las poblaciones rurales tambi\u00e9n se comprometi\u00f3 con<br \/>\nlos pobladores a que los campos de b\u00e9isbol cuenten con un adecuado sistema de<br \/>\nsanitarios para mejor funcionalidad de las instalaciones deportivas de sus<br \/>\ncomunidades.<\/p>\n<p>A pocas semanas de que<br \/>\nsean efectuados los comicios, \u201cel gallo\u201d, visit\u00f3 el fraccionamiento Ex Hacienda<br \/>\nKal\u00e1 y Colonial Campeche, donde refrend\u00f3 su compromiso de sumar esfuerzos con la<br \/>\nciudadan\u00eda y ser el principal gestor para mejorar las condiciones de cada lugar<br \/>\ndel municipio con el total respaldo de la Alianza Campeche.<\/p><\/p>\n","protected":false},"excerpt":{"rendered":"<p>Desde el parador tur\u00edstico del malec\u00f3n de la ciudad, donde present\u00f3 su s\u00e9ptimo eje \u201cCampeche Vive\u201d&#8230;<\/p>\n","protected":false},"author":1018,"featured_media":0,"comment_status":"open","ping_status":"open","sticky":false,"template":"","format":"standard","meta":{"tdm_status":"","tdm_grid_status":"","footnotes":""},"categories":[27],"tags":[],"_links":{"self":[{"href":"https:\/\/dralvarez.com.mx\/larevista\/wp-json\/wp\/v2\/posts\/66413"}],"collection":[{"href":"https:\/\/dralvarez.com.mx\/larevista\/wp-json\/wp\/v2\/posts"}],"about":[{"href":"https:\/\/dralvarez.com.mx\/larevista\/wp-json\/wp\/v2\/types\/post"}],"author":[{"embeddable":true,"href":"https:\/\/dralvarez.com.mx\/larevista\/wp-json\/wp\/v2\/users\/1018"}],"replies":[{"embeddable":true,"href":"https:\/\/dralvarez.com.mx\/larevista\/wp-json\/wp\/v2\/comments?post=66413"}],"version-history":[{"count":0,"href":"https:\/\/dralvarez.com.mx\/larevista\/wp-json\/wp\/v2\/posts\/66413\/revisions"}],"wp:attachment":[{"href":"https:\/\/dralvarez.com.mx\/larevista\/wp-json\/wp\/v2\/media?parent=66413"}],"wp:term":[{"taxonomy":"category","embeddable":true,"href":"https:\/\/dralvarez.com.mx\/larevista\/wp-json\/wp\/v2\/categories?post=66413"},{"taxonomy":"post_tag","embeddable":true,"href":"https:\/\/dralvarez.com.mx\/larevista\/wp-json\/wp\/v2\/tags?post=66413"}],"curies":[{"name":"wp","href":"https:\/\/api.w.org\/{rel}","templated":true}]}}