{"id":66378,"date":"2018-06-11T00:00:00","date_gmt":"2018-06-11T06:00:00","guid":{"rendered":"https:\/\/dralvarez.com.mx\/larevista\/blog\/movilidad-urbana-prioridad-para-campeche-ccg-26314"},"modified":"2018-06-11T00:00:00","modified_gmt":"2018-06-11T06:00:00","slug":"movilidad-urbana-prioridad-para-campeche-ccg-26314","status":"publish","type":"post","link":"https:\/\/dralvarez.com.mx\/larevista\/compeche\/movilidad-urbana-prioridad-para-campeche-ccg-26314","title":{"rendered":"Movilidad Urbana, prioridad para Campeche: CCG"},"content":{"rendered":"<p>\u201cQueremos que Campeche siga creciendo y mejorar la movilidad urbana es un paso para ello\u201d, asegur\u00f3 Claudio Cetina G\u00f3mez, candidato de la coalici\u00f3n \u201cCampeche para Todos\u201d, al apuntar que esta es una propuesta prioritaria de su plan de trabajo y se cumplir\u00e1 con la ayuda de todos.<br \/>El abanderado del Partido Revolucionario Institucional (PRI), Partido Verde Ecologista de M\u00e9xico (PVEM) y Partido Nueva Alianza (PANAL), afirm\u00f3 que dicha propuesta de movilidad est\u00e1 basada en mejorar la calidad de vida del ciudadano, punto fundamental en los planes de trabajo de la alianza que se ha conformado en el Estado.<\/p>\n<p>\u201cEl redise\u00f1o de las rutas de transporte, retirar los veh\u00edculos abandonados en la v\u00eda p\u00fablica, la revisi\u00f3n a fondo de la semaforizaci\u00f3n, se\u00f1alizaci\u00f3n y nomenclatura de las calles y predios de la ciudad, as\u00ed como acciones para eliminar el congestionamiento vial en horas pico, ser\u00e1n las principales acciones para mejorar en el tema\u201d, argument\u00f3 el candidato. <\/p>\n<p>Cetina G\u00f3mez, expres\u00f3 que el objetivo fundamental ser\u00e1 establecer pol\u00edticas de desarrollo que logren el punto de equilibrio entre econom\u00eda, sociedad y medio ambiente.<\/p>\n<p>Insisti\u00f3 en que la ciudadan\u00eda debe tener presente que la Alianza Campeche va a trabajar en todos los compromisos que se hagan para sartisfacer las necesidades de desplazamiento, con est\u00e1ndares de seguridad y ahorro de tiempo, a un costo econ\u00f3micamente razonable.<\/p>\n<p>Al cerrar su sexta semana de actividad pol\u00edtica en las comunidades de Kikab Nuevo, Melchor Ocampo, Bolonch\u00e9n Cahuich y Penj\u00e1mo, refrend\u00f3 su compromiso de trabajar cercano a la ciudadan\u00eda y dedicarle especial atenci\u00f3n a la zona rural, brind\u00e1ndole cada uno de los servicios que necesitan para mejorar su calidad de vida.<\/p>\n","protected":false},"excerpt":{"rendered":"<p>&#8220;Queremos que Campeche siga creciendo y mejorar la movilidad urbana es un paso para ello\u201d, asegur\u00f3 Claudio Cetina&#8230;<\/p>\n","protected":false},"author":1018,"featured_media":0,"comment_status":"open","ping_status":"open","sticky":false,"template":"","format":"standard","meta":{"tdm_status":"","tdm_grid_status":"","footnotes":""},"categories":[27],"tags":[],"_links":{"self":[{"href":"https:\/\/dralvarez.com.mx\/larevista\/wp-json\/wp\/v2\/posts\/66378"}],"collection":[{"href":"https:\/\/dralvarez.com.mx\/larevista\/wp-json\/wp\/v2\/posts"}],"about":[{"href":"https:\/\/dralvarez.com.mx\/larevista\/wp-json\/wp\/v2\/types\/post"}],"author":[{"embeddable":true,"href":"https:\/\/dralvarez.com.mx\/larevista\/wp-json\/wp\/v2\/users\/1018"}],"replies":[{"embeddable":true,"href":"https:\/\/dralvarez.com.mx\/larevista\/wp-json\/wp\/v2\/comments?post=66378"}],"version-history":[{"count":0,"href":"https:\/\/dralvarez.com.mx\/larevista\/wp-json\/wp\/v2\/posts\/66378\/revisions"}],"wp:attachment":[{"href":"https:\/\/dralvarez.com.mx\/larevista\/wp-json\/wp\/v2\/media?parent=66378"}],"wp:term":[{"taxonomy":"category","embeddable":true,"href":"https:\/\/dralvarez.com.mx\/larevista\/wp-json\/wp\/v2\/categories?post=66378"},{"taxonomy":"post_tag","embeddable":true,"href":"https:\/\/dralvarez.com.mx\/larevista\/wp-json\/wp\/v2\/tags?post=66378"}],"curies":[{"name":"wp","href":"https:\/\/api.w.org\/{rel}","templated":true}]}}