{"id":66367,"date":"2018-06-11T00:00:00","date_gmt":"2018-06-11T06:00:00","guid":{"rendered":"https:\/\/dralvarez.com.mx\/larevista\/blog\/cumpliremos-al-cien-por-ciento-nuestras-propuestas-cetina-gomez-26303"},"modified":"2018-06-11T00:00:00","modified_gmt":"2018-06-11T06:00:00","slug":"cumpliremos-al-cien-por-ciento-nuestras-propuestas-cetina-gomez-26303","status":"publish","type":"post","link":"https:\/\/dralvarez.com.mx\/larevista\/compeche\/cumpliremos-al-cien-por-ciento-nuestras-propuestas-cetina-gomez-26303","title":{"rendered":"Cumpliremos al cien por ciento nuestras propuestas: Cetina G\u00f3mez"},"content":{"rendered":"<\/p>\n<p>\u201cCompromiso que hagamos,<br \/>\ncompromiso que vamos a cumplir para brindarle mejor calidad de vida a los<br \/>\ncampechanos del municipio\u201d, asegur\u00f3 Claudio Cetina G\u00f3mez, candidato a la<br \/>\nalcald\u00eda de Campeche de la coalici\u00f3n \u201cCampeche para Todos\u201d.<\/p>\n<p>Al continuar sus recorridos por<br \/>\nlas comunidades de Bethania y San Francisco Kob\u00e9n, Cetina G\u00f3mez, declar\u00f3 que<br \/>\npara el 2021 cuando finalice su administraci\u00f3n, el municipio de Campeche tendr\u00e1<br \/>\ncalles bien pavimentadas y<br \/>\nbacheadas, y ser\u00e1 ejemplar por su seguridad, la eficiencia y modernidad de sus<br \/>\ninstituciones.<\/p>\n<p>Agreg\u00f3 que, con trabajo en equipo, tambi\u00e9n se contar\u00e1 con mejor movilidad<br \/>\nurbana, un nuevo pante\u00f3n municipal, apoyo al comercio y a los j\u00f3venes<br \/>\nemprendedores; el municipio de Campeche ser\u00e1 verde y sustentable, donde se<br \/>\nfomente el deporte y se respete a los vecinos.<\/p>\n<p>\u201cVamos a trabajar para que los<br \/>\nciudadanos tengan la respuesta clara y contundente de que cuentan con un<br \/>\ngobierno cercano a ellos\u201d, subray\u00f3, al asegurar que los campechanos tendr\u00e1n una<br \/>\nadministraci\u00f3n trabajando todos los d\u00edas para que todos cuente con condiciones<br \/>\n\u00f3ptimas de vida.<\/p>\n<p>Insisti\u00f3 que los candidatos de<br \/>\nla alianza conformada por el Partido Revolucionario Institucional (PRI),<br \/>\nPartido Verde Ecologista de M\u00e9xico (PVEM) y Partido Nueva Alianza (PANAL), no<br \/>\nhacen promesas sino compromisos que cumplir\u00e1n en tiempo y forma, ya que la<br \/>\nprioridad son los campechanos<\/p>\n<p>\n\u201cQueremos hacer del municipio de Campeche el mejor lugar para vivir;<br \/>\nproductivo, un lugar competitivo, que las nuevas generaciones tengan lo mejor<br \/>\npara construir su futuro\u201d, expres\u00f3 a los pobladores que le abrieron la puerta<br \/>\nde su hogar, a quienes refrend\u00f3 su compromiso de buscar los mecanismos para<br \/>\nalcanzar mejores niveles de bienestar social.<\/p><\/p>\n","protected":false},"excerpt":{"rendered":"<p>&#8220;Compromiso que hagamos, compromiso que vamos a cumplir para brindarle mejor calidad de vida a los campechanos del municipio\u201d, asegur\u00f3 Claudio Cetina.<\/p>\n","protected":false},"author":1018,"featured_media":0,"comment_status":"open","ping_status":"open","sticky":false,"template":"","format":"standard","meta":{"tdm_status":"","tdm_grid_status":"","footnotes":""},"categories":[27],"tags":[],"_links":{"self":[{"href":"https:\/\/dralvarez.com.mx\/larevista\/wp-json\/wp\/v2\/posts\/66367"}],"collection":[{"href":"https:\/\/dralvarez.com.mx\/larevista\/wp-json\/wp\/v2\/posts"}],"about":[{"href":"https:\/\/dralvarez.com.mx\/larevista\/wp-json\/wp\/v2\/types\/post"}],"author":[{"embeddable":true,"href":"https:\/\/dralvarez.com.mx\/larevista\/wp-json\/wp\/v2\/users\/1018"}],"replies":[{"embeddable":true,"href":"https:\/\/dralvarez.com.mx\/larevista\/wp-json\/wp\/v2\/comments?post=66367"}],"version-history":[{"count":0,"href":"https:\/\/dralvarez.com.mx\/larevista\/wp-json\/wp\/v2\/posts\/66367\/revisions"}],"wp:attachment":[{"href":"https:\/\/dralvarez.com.mx\/larevista\/wp-json\/wp\/v2\/media?parent=66367"}],"wp:term":[{"taxonomy":"category","embeddable":true,"href":"https:\/\/dralvarez.com.mx\/larevista\/wp-json\/wp\/v2\/categories?post=66367"},{"taxonomy":"post_tag","embeddable":true,"href":"https:\/\/dralvarez.com.mx\/larevista\/wp-json\/wp\/v2\/tags?post=66367"}],"curies":[{"name":"wp","href":"https:\/\/api.w.org\/{rel}","templated":true}]}}