{"id":66312,"date":"2018-06-08T00:00:00","date_gmt":"2018-06-08T06:00:00","guid":{"rendered":"https:\/\/dralvarez.com.mx\/larevista\/blog\/convive-gobernador-amc-con-periodistas-en-el-dia-de-la-libertad-de-expresion-26244"},"modified":"2018-06-08T00:00:00","modified_gmt":"2018-06-08T06:00:00","slug":"convive-gobernador-amc-con-periodistas-en-el-dia-de-la-libertad-de-expresion-26244","status":"publish","type":"post","link":"https:\/\/dralvarez.com.mx\/larevista\/compeche\/convive-gobernador-amc-con-periodistas-en-el-dia-de-la-libertad-de-expresion-26244","title":{"rendered":"Convive gobernador AMC con periodistas en el d\u00eda de la libertad de expresi\u00f3n"},"content":{"rendered":"<p>Con motivo de la celebraci\u00f3n del D\u00eda de la Libertad de Expresi\u00f3n, el goction1;}<br \/>\n&#8211;&gt;bernador Alejandro Moreno<br \/>\nC\u00e1rdenas convivi\u00f3 con m\u00e1s de 800 profesionales del periodismo en Campeche, entre<br \/>\ndirectivos, jefes de informaci\u00f3n, reporteros, columnistas, articulistas, editores,<br \/>\nfot\u00f3grafos y camar\u00f3grafos de medios impresos, electr\u00f3nicos y digitales.<\/p>\n<\/p>\n<p>Ah\u00ed, refrend\u00f3 el<br \/>\ncompromiso de su gobierno de garantizar que el periodismo se siga ejerciendo en<br \/>\nla entidad con absoluta libertad y seguridad, respetando la cr\u00edtica porque ella<br \/>\ncontribuye a mejorar.<\/p>\n<p>\u201cQuiero dejar claro que en mi gobierno la libertad de expresi\u00f3n se<br \/>\nseguir\u00e1 respetando como desde el primer d\u00eda, y no solamente porque est\u00e1<br \/>\nplasmado en la ley sino porque soy un convencido de que el pensar diferente no<br \/>\nnos hace alejarnos del camino que nos interesa a todos y &nbsp;que es el que Campeche tenga m\u00e1s y mejores<br \/>\noportunidades\u201d, asegur\u00f3 durante el evento en el que estuvo<br \/>\nacompa\u00f1ado del jefe de la Unidad de Comunicaci\u00f3n Social, Walter Olivera<br \/>\nValladares.<\/p>\n<p>Moreno<br \/>\nC\u00e1rdenas reconoci\u00f3 el profesionalismo<br \/>\ncon que ejercen su labor los comunicadores campechanos, al tiempo que sostuvo<br \/>\nque el compromiso de su administraci\u00f3n es informar con total apertura y<br \/>\ntransparencia para darle certeza a los campechanos de que el gobierno estatal<br \/>\nejerce los recursos p\u00fablicos con eficiencia y eficacia.<\/p>\n<p>Enfatiz\u00f3 que como<br \/>\ngobernador es el primero en garantizar que los periodistas ejerzan su profesi\u00f3n libremente, pues lo m\u00e1s<br \/>\nimportante es que la sociedad est\u00e9 bien informada.<\/p>\n<p>En el Centro de Convenciones y Exposiciones \u201cCampeche<br \/>\nXXI\u201d, se\u00f1al\u00f3 que la labor de los periodistas es fundamental, pues tambi\u00e9n contribuyen<br \/>\na difundir los proyectos, las obras y las acciones que impulsa su gobierno, con<br \/>\nel respaldo del presidente Enrique Pe\u00f1a Nieto, a favor de los habitantes.<\/p>\n<p>Al respecto, dio a conocer que recientemente  se adquirieron &nbsp;alrededor de 180 c\u00e1maras m\u00e1s para fortalecer<br \/>\nlas labores de vigilancia y seguridad en todo el estado, y record\u00f3 que ayer<br \/>\nfueron presentadas las oportunidades de inversi\u00f3n que generar\u00e1 la Zona<br \/>\nEcon\u00f3mica Especial y el pr\u00f3ximo arribo de tres compa\u00f1\u00edas navieras.<\/p>\n<p>Igualmente recalc\u00f3 que el puente de la Unidad, la avenida<br \/>\ncostera, el distribuidor vial de La R\u00eda y la Unidad Deportiva son obras que<br \/>\nest\u00e1n ejecuci\u00f3n y que se concluir\u00e1n en tiempo y forma.<\/p>\n<p>Durante el convivio,<br \/>\nMoreno C\u00e1rdenas y el titular de la UCS, Walter Olivera Valladares hicieron<br \/>\nentrega de algunos de los art\u00edculos que fueron rifados entre los periodistas<br \/>\ncampechanos.<\/p>\n<p>Asistieron, la titular de<br \/>\nla Secretar\u00eda de Finanzas, Am\u00e9rica Azar P\u00e9rez; los titulares de los poderes<br \/>\nLegislativo y Judicial, Laura Baqueiro Ramos y Miguel \u00c1ngel Chuc,<br \/>\nrespectivamente, y las directoras generales del Cobacam, Adlemi Santiago<br \/>\nRam\u00edrez, y del Cecytec, Cindy Saravia L\u00f3pez.<\/p>\n<p><\/p>\n","protected":false},"excerpt":{"rendered":"<p>Moreno C\u00e1rdenas reconoci\u00f3 el profesionalismo con que ejercen su labor los comunicadores campechanos&#8230;<\/p>\n","protected":false},"author":1018,"featured_media":0,"comment_status":"open","ping_status":"open","sticky":false,"template":"","format":"standard","meta":{"tdm_status":"","tdm_grid_status":"","footnotes":""},"categories":[27],"tags":[],"_links":{"self":[{"href":"https:\/\/dralvarez.com.mx\/larevista\/wp-json\/wp\/v2\/posts\/66312"}],"collection":[{"href":"https:\/\/dralvarez.com.mx\/larevista\/wp-json\/wp\/v2\/posts"}],"about":[{"href":"https:\/\/dralvarez.com.mx\/larevista\/wp-json\/wp\/v2\/types\/post"}],"author":[{"embeddable":true,"href":"https:\/\/dralvarez.com.mx\/larevista\/wp-json\/wp\/v2\/users\/1018"}],"replies":[{"embeddable":true,"href":"https:\/\/dralvarez.com.mx\/larevista\/wp-json\/wp\/v2\/comments?post=66312"}],"version-history":[{"count":0,"href":"https:\/\/dralvarez.com.mx\/larevista\/wp-json\/wp\/v2\/posts\/66312\/revisions"}],"wp:attachment":[{"href":"https:\/\/dralvarez.com.mx\/larevista\/wp-json\/wp\/v2\/media?parent=66312"}],"wp:term":[{"taxonomy":"category","embeddable":true,"href":"https:\/\/dralvarez.com.mx\/larevista\/wp-json\/wp\/v2\/categories?post=66312"},{"taxonomy":"post_tag","embeddable":true,"href":"https:\/\/dralvarez.com.mx\/larevista\/wp-json\/wp\/v2\/tags?post=66312"}],"curies":[{"name":"wp","href":"https:\/\/api.w.org\/{rel}","templated":true}]}}