{"id":66255,"date":"2018-06-07T00:00:00","date_gmt":"2018-06-07T06:00:00","guid":{"rendered":"https:\/\/dralvarez.com.mx\/larevista\/blog\/sectores-educativo-publico-y-privado-formula-perfecta-para-el-crecimiento-gobernador-amc-26183"},"modified":"2018-06-07T00:00:00","modified_gmt":"2018-06-07T06:00:00","slug":"sectores-educativo-publico-y-privado-formula-perfecta-para-el-crecimiento-gobernador-amc-26183","status":"publish","type":"post","link":"https:\/\/dralvarez.com.mx\/larevista\/compeche\/sectores-educativo-publico-y-privado-formula-perfecta-para-el-crecimiento-gobernador-amc-26183","title":{"rendered":"Sectores educativo, publico y privado f\u00f3rmula perfecta para el crecimiento: gobernador AMC"},"content":{"rendered":"<\/p>\n<p>La vinculaci\u00f3n entre los sectores educativo, p\u00fablico y privado es<br \/>\nla f\u00f3rmula perfecta para hacer del pa\u00eds una potencia, se\u00f1al\u00f3 el gobernador<br \/>\nAlejandro Moreno C\u00e1rdenas al inaugurar la XLV conferencia nacional de la<br \/>\nAsociaci\u00f3n Nacional de Facultades y Escuelas de Ingenier\u00eda A.C. (ANFEI), que se<br \/>\nrealiza en esta ciudad con el tema \u201cLa vinculaci\u00f3n como estrategia en la<br \/>\nformaci\u00f3n de ingenieros en M\u00e9xico\u201d.<\/p>\n<p>En el Centro de Convenciones y Exposiciones \u201cCampeche XXI\u201d,<br \/>\npuntualiz\u00f3 que la alianza es estrat\u00e9gica y fundamental para responder a los<br \/>\nrequerimientos que la sociedad demanda, pero tambi\u00e9n para potenciar al m\u00e1ximo<br \/>\nlas competencias y capacidades de toda una generaci\u00f3n de nuevos profesionistas.<\/p>\n<p>Dijo que en el tema de la Ingenier\u00eda se requiere contar con<br \/>\nprofesionales que le apuesten a un futuro mejor, que ayuden a construir<br \/>\ninfraestructura que sirva para detonar el desarrollo nacional, regional y<br \/>\nestatal, por ello el gran cometido es tener mejores ingenieros para construir<br \/>\nmejores obras, tanto p\u00fablicas como privadas.<\/p>\n<p>Asever\u00f3 que en el caso de Campeche ya se est\u00e1 trabajando en los<br \/>\naspectos de vinculaci\u00f3n academia-empresa-gobierno para ir de la mano con el crecimiento<br \/>\nde la ZEE que abre un nuevo horizonte de desarrollo para Campeche y M\u00e9xico en<br \/>\nsectores importantes como el energ\u00e9tico, el industrial y el tur\u00edstico, ya que durante<br \/>\nlos pr\u00f3ximos 20 a\u00f1os propiciar\u00e1 la inversi\u00f3n de m\u00e1s de tres mil 600 millones de<br \/>\nd\u00f3lares, el asentamiento de m\u00e1s de 40 empresas anclas y la generaci\u00f3n de m\u00e1s de<br \/>\n51 mil empleos.<\/p>\n<p>Igualmente, signific\u00f3 ante m\u00e1s de 450 asistentes entre acad\u00e9micos,<br \/>\ninvestigadores y alumnos, las oportunidades de empleos bien remunerados que se<br \/>\ncrear\u00e1n con la llegada de tres compa\u00f1\u00edas navieras, a partir del pr\u00f3ximo a\u00f1o.<\/p>\n<p>\u201cLa capacitaci\u00f3n, la preparaci\u00f3n y la vinculaci\u00f3n con el sector<br \/>\neducativo ser\u00e1 fundamental para abrir una ventana enorme de crecimiento en el<br \/>\nestado y contar con profesionistas bien capacitados\u201d, indic\u00f3.<\/p>\n<p>Moreno C\u00e1rdenas enfatiz\u00f3 que hoy lo m\u00e1s importante es cuidar al<br \/>\npa\u00eds, y una forma de hacerlo es consolidar la alianza entre la educaci\u00f3n, la<br \/>\nempresa y el gobierno para dar mayores oportunidades a los j\u00f3venes y mejorar<br \/>\nlas condiciones de vida de las familias.<\/p>\n<p>\u201cVienen tiempos importantes para el pa\u00eds, son tiempos de reflexi\u00f3n<br \/>\npara pensar de qu\u00e9 lado de la historia queremos estar\u201d, concluy\u00f3.<\/p>\n<p>Antes, el rector de la<br \/>\nUniversidad Aut\u00f3noma de Campeche (UAC), Gerardo Montero P\u00e9rez, destac\u00f3 que los<br \/>\nprofesionales de la ingenier\u00eda siempre han estado en el centro de los procesos<br \/>\nde innovaci\u00f3n tencnol\u00f3gica, econ\u00f3mica y social.<\/p>\n<p>Coment\u00f3 que hoy m\u00e1s que<br \/>\nnunca, esa carrera ha sido tan importante por la intensa difusi\u00f3n de las<br \/>\ntecnolog\u00edas de la informaci\u00f3n, rob\u00f3tica y biotecnolog\u00eda, entre muchas otras<br \/>\ninnovaciones y descubrimientos cient\u00edficos que afectan todas las \u00e1reas de la<br \/>\nvida.<\/p>\n<p>\u201cLa vinculaci\u00f3n con el<br \/>\nsector productivo es la mejor  estrategia<br \/>\nen la formaci\u00f3n de ingenieros en M\u00e9xico, pues comprueban que los programas de<br \/>\nestudio son pertinentes, contrast\u00e1ndolos en el campo real\u201d, manifest\u00f3<\/p>\n<p>Durante su intervenci\u00f3n, el<br \/>\nvicepresidente general de la ANFEI, Carlos Agust\u00edn Escalante Sandoval, dio a<br \/>\nconocer que los objetivos espec\u00edficos de la XLV conferencia nacional son: Conocer<br \/>\nlas experiencias de vinculaci\u00f3n institucional de grupos acad\u00e9micos, compartir<br \/>\ninvestigaciones y estudios realizados y estrechar la vinculaci\u00f3n entre<br \/>\ninstituciones para la formaci\u00f3n de ingenieros.<\/p>\n<p>Estuvieron presentes, el<br \/>\nrepresentante personal de la presidenta de la ANFEI, Guadalupe Silva Oliver,<br \/>\nDante Real Miranda; el secretario general del organismo, Ren\u00e9 Alejandro Lara<br \/>\nD\u00edaz y el director de la Facultad de Ingenier\u00eda de la UAC, Manuel Estrada Segovia.<\/p>\n<p><\/p>\n<p><b>&nbsp;<\/b><\/p>\n<p><\/p>\n","protected":false},"excerpt":{"rendered":"<p>Moreno C\u00e1rdenas enfatiz\u00f3 que hoy lo m\u00e1s importante es cuidar al pa\u00eds, y una forma de hacerlo es consolidar la alianza entre la educaci\u00f3n, la empresa y<\/p>\n","protected":false},"author":1018,"featured_media":0,"comment_status":"open","ping_status":"open","sticky":false,"template":"","format":"standard","meta":{"tdm_status":"","tdm_grid_status":"","footnotes":""},"categories":[27],"tags":[],"_links":{"self":[{"href":"https:\/\/dralvarez.com.mx\/larevista\/wp-json\/wp\/v2\/posts\/66255"}],"collection":[{"href":"https:\/\/dralvarez.com.mx\/larevista\/wp-json\/wp\/v2\/posts"}],"about":[{"href":"https:\/\/dralvarez.com.mx\/larevista\/wp-json\/wp\/v2\/types\/post"}],"author":[{"embeddable":true,"href":"https:\/\/dralvarez.com.mx\/larevista\/wp-json\/wp\/v2\/users\/1018"}],"replies":[{"embeddable":true,"href":"https:\/\/dralvarez.com.mx\/larevista\/wp-json\/wp\/v2\/comments?post=66255"}],"version-history":[{"count":0,"href":"https:\/\/dralvarez.com.mx\/larevista\/wp-json\/wp\/v2\/posts\/66255\/revisions"}],"wp:attachment":[{"href":"https:\/\/dralvarez.com.mx\/larevista\/wp-json\/wp\/v2\/media?parent=66255"}],"wp:term":[{"taxonomy":"category","embeddable":true,"href":"https:\/\/dralvarez.com.mx\/larevista\/wp-json\/wp\/v2\/categories?post=66255"},{"taxonomy":"post_tag","embeddable":true,"href":"https:\/\/dralvarez.com.mx\/larevista\/wp-json\/wp\/v2\/tags?post=66255"}],"curies":[{"name":"wp","href":"https:\/\/api.w.org\/{rel}","templated":true}]}}