{"id":66254,"date":"2018-06-07T00:00:00","date_gmt":"2018-06-07T06:00:00","guid":{"rendered":"https:\/\/dralvarez.com.mx\/larevista\/blog\/dif-estatal-realizara-curso-de-verano-inclusivo-2018-vive-la-naturaleza-con-los-4-elementos-26182"},"modified":"2018-06-07T00:00:00","modified_gmt":"2018-06-07T06:00:00","slug":"dif-estatal-realizara-curso-de-verano-inclusivo-2018-vive-la-naturaleza-con-los-4-elementos-26182","status":"publish","type":"post","link":"https:\/\/dralvarez.com.mx\/larevista\/compeche\/dif-estatal-realizara-curso-de-verano-inclusivo-2018-vive-la-naturaleza-con-los-4-elementos-26182","title":{"rendered":"DIF estatal realizar\u00e1 curso de verano inclusivo 2018  \u201cvive la naturaleza con los 4 elementos\u201d"},"content":{"rendered":"<\/p>\n<p>El Sistema Estatal para el Desarrollo Integral de la Familia (DIF), a trav\u00e9s del Centro Art\u00edstico y Cultural \u201cLeovigildo G\u00f3mez\u201d, invita a los ni\u00f1os y ni\u00f1as con y sin discapacidad a inscribirse en el Curso de Verano Inclusivo 2018 \u201cVive la Naturaleza con los 4 Elementos\u201d, que se realizar\u00e1 del 23 de julio al 3 de agosto.<\/p>\n<p>Las inscripciones se llevan a cabo en el Centro Art\u00edstico y Cultural \u201cLeovigildo G\u00f3mez\u201d, que se encuentra ubicado en la calle Paso de las \u00c1guilas, sin n\u00famero, con Pocyaxum, en la Unidad Habitacional Solidaridad Urbana.<\/p>\n<p>En el curso de verano Inclusivo pueden participar ni\u00f1as y ni\u00f1os con y sin discapacidad a partir de los 4 a\u00f1os de edad en adelante; es un espacio de esparcimiento y de libre creaci\u00f3n, que permitir\u00e1 a los asistentes acercarse a la cultura y las artes, a trav\u00e9s de talleres l\u00fadicos y multidisciplinarios.<\/p>\n<p>Con un horario de 9:00 a 12:00 horas, del 23 de julio al 3 de agosto, los alumnos participar\u00e1n en talleres de artes pl\u00e1sticas, m\u00fasica, artes esc\u00e9nicas y literatura, todo relacionado a los cuatro elementos de la naturaleza, para logar una concientizaci\u00f3n en el cuidado del ambiente.<\/p><\/p>\n","protected":false},"excerpt":{"rendered":"<p>Invita a los ni\u00f1os y ni\u00f1as con y sin discapacidad a inscribirse en el Curso de Verano Inclusivo 2018 \u201c<\/p>\n","protected":false},"author":1018,"featured_media":0,"comment_status":"open","ping_status":"open","sticky":false,"template":"","format":"standard","meta":{"tdm_status":"","tdm_grid_status":"","footnotes":""},"categories":[27],"tags":[],"_links":{"self":[{"href":"https:\/\/dralvarez.com.mx\/larevista\/wp-json\/wp\/v2\/posts\/66254"}],"collection":[{"href":"https:\/\/dralvarez.com.mx\/larevista\/wp-json\/wp\/v2\/posts"}],"about":[{"href":"https:\/\/dralvarez.com.mx\/larevista\/wp-json\/wp\/v2\/types\/post"}],"author":[{"embeddable":true,"href":"https:\/\/dralvarez.com.mx\/larevista\/wp-json\/wp\/v2\/users\/1018"}],"replies":[{"embeddable":true,"href":"https:\/\/dralvarez.com.mx\/larevista\/wp-json\/wp\/v2\/comments?post=66254"}],"version-history":[{"count":0,"href":"https:\/\/dralvarez.com.mx\/larevista\/wp-json\/wp\/v2\/posts\/66254\/revisions"}],"wp:attachment":[{"href":"https:\/\/dralvarez.com.mx\/larevista\/wp-json\/wp\/v2\/media?parent=66254"}],"wp:term":[{"taxonomy":"category","embeddable":true,"href":"https:\/\/dralvarez.com.mx\/larevista\/wp-json\/wp\/v2\/categories?post=66254"},{"taxonomy":"post_tag","embeddable":true,"href":"https:\/\/dralvarez.com.mx\/larevista\/wp-json\/wp\/v2\/tags?post=66254"}],"curies":[{"name":"wp","href":"https:\/\/api.w.org\/{rel}","templated":true}]}}