{"id":66214,"date":"2018-06-07T00:00:00","date_gmt":"2018-06-07T06:00:00","guid":{"rendered":"https:\/\/dralvarez.com.mx\/larevista\/blog\/unidos-lograremos-que-el-muncipio-crezca-ccg-26137"},"modified":"2018-06-07T00:00:00","modified_gmt":"2018-06-07T06:00:00","slug":"unidos-lograremos-que-el-muncipio-crezca-ccg-26137","status":"publish","type":"post","link":"https:\/\/dralvarez.com.mx\/larevista\/compeche\/unidos-lograremos-que-el-muncipio-crezca-ccg-26137","title":{"rendered":"Unidos lograremos que el muncipio crezca: CCG"},"content":{"rendered":"<\/p>\n<p>Claudio Cetina G\u00f3mez,<br \/>\ncandidato a la alcald\u00eda de Campeche, refrend\u00f3 su compromiso de trabajar en<br \/>\nconjunto con los ciudadanos, reiterando que en equipo se lograr\u00e1n mejores resultados.<\/p>\n<p>Expres\u00f3 que su<br \/>\nadministraci\u00f3n se basar\u00e1 en el di\u00e1logo, la convivencia y la atenci\u00f3n a las<br \/>\npropuestas de la gente, para que las buenas ideas rindan resultados y<br \/>\nbeneficios para todos los campechanos.<\/p>\n<p>El abanderado de la coalici\u00f3n \u201cCampeche para Todos\u201d, convoc\u00f3 a la<br \/>\nciudadan\u00eda a ponerse las pilas y reconocer que Campeche es incomparable gracias<br \/>\na su gente y que \u201ctrabajando en equipo cada d\u00eda, en unidad a trav\u00e9s de la<br \/>\n\u201cAlianza Campeche\u201d, lograremos que el municipio crezca\u201d.<\/p>\n<p>\u201cMi compromiso es con los campechanos, trabajaremos fuerte para<br \/>\nimpulsar los mejores programas, tener los mejores servicios p\u00fablicos y brindar<br \/>\nespacios de calidad para mejorar la vida de los campechanos\u201d, argument\u00f3.<\/p>\n<p>Extern\u00f3, que en conjunto con los tres \u00f3rdenes de gobierno gestionar\u00e1n<br \/>\nlos apoyos para que la poblaci\u00f3n cuente con servicios de primera.<\/p>\n<p><\/p>\n","protected":false},"excerpt":{"rendered":"<p>El abanderado de la coalici\u00f3n \u201cCampeche para Todos\u201d, convoc\u00f3 a la ciudadan\u00eda a ponerse las pilas y reconocer que Campeche es incomparable gracias a su<\/p>\n","protected":false},"author":1018,"featured_media":0,"comment_status":"open","ping_status":"open","sticky":false,"template":"","format":"standard","meta":{"tdm_status":"","tdm_grid_status":"","footnotes":""},"categories":[27],"tags":[],"_links":{"self":[{"href":"https:\/\/dralvarez.com.mx\/larevista\/wp-json\/wp\/v2\/posts\/66214"}],"collection":[{"href":"https:\/\/dralvarez.com.mx\/larevista\/wp-json\/wp\/v2\/posts"}],"about":[{"href":"https:\/\/dralvarez.com.mx\/larevista\/wp-json\/wp\/v2\/types\/post"}],"author":[{"embeddable":true,"href":"https:\/\/dralvarez.com.mx\/larevista\/wp-json\/wp\/v2\/users\/1018"}],"replies":[{"embeddable":true,"href":"https:\/\/dralvarez.com.mx\/larevista\/wp-json\/wp\/v2\/comments?post=66214"}],"version-history":[{"count":0,"href":"https:\/\/dralvarez.com.mx\/larevista\/wp-json\/wp\/v2\/posts\/66214\/revisions"}],"wp:attachment":[{"href":"https:\/\/dralvarez.com.mx\/larevista\/wp-json\/wp\/v2\/media?parent=66214"}],"wp:term":[{"taxonomy":"category","embeddable":true,"href":"https:\/\/dralvarez.com.mx\/larevista\/wp-json\/wp\/v2\/categories?post=66214"},{"taxonomy":"post_tag","embeddable":true,"href":"https:\/\/dralvarez.com.mx\/larevista\/wp-json\/wp\/v2\/tags?post=66214"}],"curies":[{"name":"wp","href":"https:\/\/api.w.org\/{rel}","templated":true}]}}