{"id":66150,"date":"2018-06-05T00:00:00","date_gmt":"2018-06-05T06:00:00","guid":{"rendered":"https:\/\/dralvarez.com.mx\/larevista\/blog\/claudio-cetina-gomez-se-compromete-con-pobladores-de-la-20-de-noviembre-26069"},"modified":"2018-06-05T00:00:00","modified_gmt":"2018-06-05T06:00:00","slug":"claudio-cetina-gomez-se-compromete-con-pobladores-de-la-20-de-noviembre-26069","status":"publish","type":"post","link":"https:\/\/dralvarez.com.mx\/larevista\/compeche\/claudio-cetina-gomez-se-compromete-con-pobladores-de-la-20-de-noviembre-26069","title":{"rendered":"Claudio Cetina G\u00f3mez, se compromete con pobladores de la 20 de Noviembre"},"content":{"rendered":"<\/p>\n<p>La regularizaci\u00f3n de predios, mayor seguridad y repavimentaci\u00f3n de<br \/>\ntodas las calles, fueron los principales compromisos que adquiri\u00f3 Claudio<br \/>\nCetina G\u00f3mez, durante su visita a la colonia 20 de Noviembre.<\/p>\n<p>El candidato a la Presidencia Municipal por la coalici\u00f3n \u201cCampeche<br \/>\npara Todos\u201d, refiri\u00f3 que estas acciones podr\u00e1n ser resueltas en el corto plazo<br \/>\nsi todos trabajan en equipo y con el prop\u00f3sito de seguir fortaleciendo al municipio<br \/>\ny al Estado.<\/p>\n<p>Acompa\u00f1ado de su esposa Kathy Mack de Cetina, celebr\u00f3 que la<br \/>\nciudadan\u00eda se est\u00e9 sumando al proyecto de \u201cAlianza Campeche\u201d que se ha<br \/>\nconformado para el trabajo en unidad y fortalecer la cooperaci\u00f3n entre los<br \/>\ncampechanos.<\/p>\n<p>En lo referente a la regularizaci\u00f3n de predios, Cetina G\u00f3mez, indic\u00f3<br \/>\nque tanto el Gobierno Estatal, el Municipal y los propietarios necesitar\u00e1n<br \/>\ndialogar para lograr el acuerdo necesario y darles certeza jur\u00eddica a sus<br \/>\npredios.<\/p>\n<p>\u201cSeremos copart\u00edcipes con los ciudadanos; saber las problem\u00e1ticas que<br \/>\nhay\u2026 la 20 de Noviembre tiene una problem\u00e1tica de regularizaci\u00f3n, pero cada<br \/>\nespacio tiene su particularidad que debemos resolver\u201d, acot\u00f3 el aliancista, quien<br \/>\ntambi\u00e9n se pronunci\u00f3 en contra de cualquier acci\u00f3n que lastime la integridad y<br \/>\neconom\u00eda de los campechanos<\/p><\/p>\n","protected":false},"excerpt":{"rendered":"<p>Seremos copart\u00edcipes con los ciudadanos; saber las problem\u00e1ticas que hay\u2026<\/p>\n","protected":false},"author":1018,"featured_media":0,"comment_status":"open","ping_status":"open","sticky":false,"template":"","format":"standard","meta":{"tdm_status":"","tdm_grid_status":"","footnotes":""},"categories":[27],"tags":[],"_links":{"self":[{"href":"https:\/\/dralvarez.com.mx\/larevista\/wp-json\/wp\/v2\/posts\/66150"}],"collection":[{"href":"https:\/\/dralvarez.com.mx\/larevista\/wp-json\/wp\/v2\/posts"}],"about":[{"href":"https:\/\/dralvarez.com.mx\/larevista\/wp-json\/wp\/v2\/types\/post"}],"author":[{"embeddable":true,"href":"https:\/\/dralvarez.com.mx\/larevista\/wp-json\/wp\/v2\/users\/1018"}],"replies":[{"embeddable":true,"href":"https:\/\/dralvarez.com.mx\/larevista\/wp-json\/wp\/v2\/comments?post=66150"}],"version-history":[{"count":0,"href":"https:\/\/dralvarez.com.mx\/larevista\/wp-json\/wp\/v2\/posts\/66150\/revisions"}],"wp:attachment":[{"href":"https:\/\/dralvarez.com.mx\/larevista\/wp-json\/wp\/v2\/media?parent=66150"}],"wp:term":[{"taxonomy":"category","embeddable":true,"href":"https:\/\/dralvarez.com.mx\/larevista\/wp-json\/wp\/v2\/categories?post=66150"},{"taxonomy":"post_tag","embeddable":true,"href":"https:\/\/dralvarez.com.mx\/larevista\/wp-json\/wp\/v2\/tags?post=66150"}],"curies":[{"name":"wp","href":"https:\/\/api.w.org\/{rel}","templated":true}]}}