{"id":66147,"date":"2018-06-05T00:00:00","date_gmt":"2018-06-05T06:00:00","guid":{"rendered":"https:\/\/dralvarez.com.mx\/larevista\/blog\/sectur-se-prepara-para-la-temporada-vacacional-de-verano-2018-26066"},"modified":"2018-06-05T00:00:00","modified_gmt":"2018-06-05T06:00:00","slug":"sectur-se-prepara-para-la-temporada-vacacional-de-verano-2018-26066","status":"publish","type":"post","link":"https:\/\/dralvarez.com.mx\/larevista\/compeche\/sectur-se-prepara-para-la-temporada-vacacional-de-verano-2018-26066","title":{"rendered":"SECTUR se prepara para la temporada vacacional de verano 2018"},"content":{"rendered":"<\/p>\n<p>Con miras al pr\u00f3ximo periodo vacacional de verano 2018, el titular de la Secretar\u00eda de Turismo del Gobierno del Estado (SECTUR), Jorge Manos Esparragoza, se encuentra recorriendo los atractivos con los cuentan los once municipios de la Entidad, con el objetivo de fortalecer las zonas tur\u00edsticas y de crear sinergia con los ayuntamientos; por lo que en esta ocasi\u00f3n visit\u00f3 Esc\u00e1rcega y Champot\u00f3n.<\/p>\n<p>Durante la gira de trabajo por Esc\u00e1rcega, Manos Esparragoza se reuni\u00f3 con el alcalde Carlos Coll\u00ed Cuevas, quien plante\u00f3 sus propuestas de mejora a las zonas tur\u00edsticas; asimismo, se concretaron acuerdos para la colocaci\u00f3n de los m\u00f3dulos informaci\u00f3n para la pr\u00f3xima temporada vacacional.<\/p>\n<p>De igual manera, el titular de la SECTUR visit\u00f3 el municipio de Champot\u00f3n, donde recorri\u00f3 y supervis\u00f3 \u201cEl Mirador\u201d, y platic\u00f3 con el alcalde David Uribe Haydar, as\u00ed como con el Director de Turismo, Planeaci\u00f3n y Cultura de ese municipio, para las mejoras de imagen urbana y proyectos tur\u00edsticos.<\/p>\n<p>Manos Esparragoza reafirm\u00f3 en estos dos municipios el compromiso de trabajar de la mano con franqueza y claridad para atender las necesidades en materia tur\u00edstica. &#8220;Debemos trabajar con los tres \u00f3rganos de Gobierno para fortalecer la infraestructura de estas zonas, y as\u00ed tener servicios y un mejor producto de calidad para nuestros visitantes&#8221;, finaliz\u00f3.<\/p><\/p>\n","protected":false},"excerpt":{"rendered":"<p>Debemos trabajar con los tres \u00f3rganos de Gobierno para fortalecer la infraestructura de estas zonas, y as\u00ed tener servicios y un mejor producto de cali<\/p>\n","protected":false},"author":1018,"featured_media":0,"comment_status":"open","ping_status":"open","sticky":false,"template":"","format":"standard","meta":{"tdm_status":"","tdm_grid_status":"","footnotes":""},"categories":[27],"tags":[],"_links":{"self":[{"href":"https:\/\/dralvarez.com.mx\/larevista\/wp-json\/wp\/v2\/posts\/66147"}],"collection":[{"href":"https:\/\/dralvarez.com.mx\/larevista\/wp-json\/wp\/v2\/posts"}],"about":[{"href":"https:\/\/dralvarez.com.mx\/larevista\/wp-json\/wp\/v2\/types\/post"}],"author":[{"embeddable":true,"href":"https:\/\/dralvarez.com.mx\/larevista\/wp-json\/wp\/v2\/users\/1018"}],"replies":[{"embeddable":true,"href":"https:\/\/dralvarez.com.mx\/larevista\/wp-json\/wp\/v2\/comments?post=66147"}],"version-history":[{"count":0,"href":"https:\/\/dralvarez.com.mx\/larevista\/wp-json\/wp\/v2\/posts\/66147\/revisions"}],"wp:attachment":[{"href":"https:\/\/dralvarez.com.mx\/larevista\/wp-json\/wp\/v2\/media?parent=66147"}],"wp:term":[{"taxonomy":"category","embeddable":true,"href":"https:\/\/dralvarez.com.mx\/larevista\/wp-json\/wp\/v2\/categories?post=66147"},{"taxonomy":"post_tag","embeddable":true,"href":"https:\/\/dralvarez.com.mx\/larevista\/wp-json\/wp\/v2\/tags?post=66147"}],"curies":[{"name":"wp","href":"https:\/\/api.w.org\/{rel}","templated":true}]}}