{"id":66130,"date":"2018-06-05T00:00:00","date_gmt":"2018-06-05T06:00:00","guid":{"rendered":"https:\/\/dralvarez.com.mx\/larevista\/blog\/garantiza-gobernador-amc-derecho-a-la-libertad-de-expresion-26049"},"modified":"2018-06-05T00:00:00","modified_gmt":"2018-06-05T06:00:00","slug":"garantiza-gobernador-amc-derecho-a-la-libertad-de-expresion-26049","status":"publish","type":"post","link":"https:\/\/dralvarez.com.mx\/larevista\/compeche\/garantiza-gobernador-amc-derecho-a-la-libertad-de-expresion-26049","title":{"rendered":"Garantiza gobernador AMC derecho a la libertad de expresi\u00f3n"},"content":{"rendered":"<\/p>\n<p>El gobernador Alejandro Moreno C\u00e1rdenas<br \/>\nratific\u00f3 su compromiso de ser garante pleno del derecho a la libre expresi\u00f3n de<br \/>\nlas ideas y del ejercicio period\u00edstico, al tiempo que convoc\u00f3 a defender esa<br \/>\ncausa para que Campeche se mantenga como tierra y baluarte de libertades y<br \/>\ncontribuya a la construcci\u00f3n de un pa\u00eds fuerte, de equilibrios y con mejores<br \/>\noportunidades de vida.<\/p>\n<p>\u201cNo hay proyecto de desarrollo sin visi\u00f3n de futuro,<br \/>\nni visi\u00f3n de futuro que pueda prescindir de los equilibrios que demanda nuestro<br \/>\nsistema de vida, por ello es tan digna y fundamental la labor period\u00edstica,<br \/>\npues a trav\u00e9s de art\u00edculos, cr\u00f3nicas, reportajes, los ciudadanos se informan y<br \/>\nconstruyen opini\u00f3n\u201d, asever\u00f3 el mandatario en la ceremonia de entrega del Premio<br \/>\nEstatal de Periodismo y del M\u00e9rito Period\u00edstico 2018.<\/p>\n<p>En el teatro \u201cRicardo Hern\u00e1ndez C\u00e1rdenas\u201d,<br \/>\ndel Instituto Campechano, donde tambi\u00e9n hizo entrega de un reconocimiento al<br \/>\nperiodista mexicano Miguel Reyes Razo, por m\u00e1s de 50 a\u00f1os de trayectoria,<br \/>\nMoreno C\u00e1rdenas pidi\u00f3 a los periodistas campechanos seguir ejerciendo con total<br \/>\nlibertad su labor para edificar un mejor estado y pa\u00eds.<\/p>\n<p>\u00ad\u2013Hay que llegar a la reflexi\u00f3n final de que<br \/>\nlo que le conviene a M\u00e9xico es ser un pa\u00eds de fortaleza y compromiso con sus<br \/>\ninstituciones, donde se respete el proceso pol\u00edtico democr\u00e1tico y se garanticen<br \/>\nlos derechos y las libertades adquiridas a lo largo de d\u00e9cadas \u2013apunt\u00f3.<\/p>\n<p>El titular del Ejecutivo estatal, quien estuvo acompa\u00f1ado del jefe de la<br \/>\nUnidad de Comunicaci\u00f3n Social, Walter Olivera Valladares y del director general<br \/>\nde Medios Estatales de la Presidencia de la Rep\u00fablica, Arnulfo Dom\u00ednguez<br \/>\nCordero, reconoci\u00f3 el ampl\u00edsimo valor social del periodismo, pues con vocaci\u00f3n,<br \/>\nveracidad y profesionalismo contribuyen a la construcci\u00f3n de una sociedad m\u00e1s<br \/>\ninformada, culta, cr\u00edtica y democr\u00e1tica.<\/p>\n<p>\u201cEdificar un mejor Campeche demanda de la<br \/>\nparticipaci\u00f3n de todos y ustedes colaboran desde diversos espacios con entrega<br \/>\nabsoluta para lograrlo a cabalidad\u201d, recalc\u00f3 al refrendar su compromiso de seguir<br \/>\nfortaleciendo a Campeche como un estado donde los comunicadores cuenten con<br \/>\ntodas las garant\u00edas para que su labor se desarrolle libremente.<\/p>\n<p>Enfatiz\u00f3 que la ley ampara el ejercicio de la<br \/>\nprofesi\u00f3n period\u00edstica, por lo que las instituciones deben ser garantes de la<br \/>\nprotecci\u00f3n de sus derechos.<\/p>\n<p>Dijo que Campeche es y debe seguir siendo un<br \/>\nbaluarte de la libertad de expresi\u00f3n, por lo que pidi\u00f3 defender esa causa y<br \/>\nhacer de ella el sello particular del estado. \u201cQueremos en el siglo XXI seguir<br \/>\nsiendo un referente como tierra de la libertad, pues el ejercicio pleno de las<br \/>\nlibertades fue el ideal que deton\u00f3 la creaci\u00f3n del estado y hoy es el elemento<br \/>\nm\u00e1s preciado que sostiene arm\u00f3nicamente nuestra vida colectiva\u201d, sostuvo.<\/p>\n<p>Al se\u00f1alar que<br \/>\neste premio es un reconocimiento al trabajo sobresaliente de los periodistas,<br \/>\nel jefe de la UCS, Olivera Valladares resalt\u00f3 que el ejercicio del periodismo<br \/>\nen Campeche juega un papel central, y los compa\u00f1eros comunicadores son<br \/>\nfundamentales para la difusi\u00f3n de los proyectos que se impulsan en esta<br \/>\nadministraci\u00f3n.<\/p>\n<p>Enfatiz\u00f3 que el<br \/>\nm\u00e1s importante galard\u00f3n que se le puede otorgar a los profesionales del<br \/>\nperiodismo es el respeto, porque la informaci\u00f3n ofrece conocimiento y el<br \/>\nconocimiento forma y transforma conciencias, \u201cpor eso es un deber garantizar<br \/>\nque la libertad de expresi\u00f3n se viva todos los d\u00edas; que nadie de un paso atr\u00e1s<br \/>\nen esa responsabilidad, que nada ni nadie frene la labor de los periodistas ni<br \/>\nla libre expresi\u00f3n\u201d.<\/p>\n<p>Antes, el rector<br \/>\ndel Instituto Campechano, Fernando Sandoval Castellanos puntualiz\u00f3 que la<br \/>\nescuela de Ciencias de la Comunicaci\u00f3n fue la primera en el estado, y a lo<br \/>\nlargo de 33 a\u00f1os de historia ha tenido 29 generaciones y 723 egresados.<\/p>\n<p>Por<br \/>\nsu parte,  Diana Mijangos Alcocer, en<br \/>\nrepresentaci\u00f3n de  los galardonados, reconoci\u00f3 que Campeche es un estado que ha recorrido<br \/>\nun largo trecho en lo referente a la libertad de expresi\u00f3n y en todo este<br \/>\ntiempo, el ejercicio period\u00edstico se ha hecho m\u00e1s responsable, profesional e<br \/>\nincluyente, porque a diferencia de otras entidades del pa\u00eds, aqu\u00ed se han<br \/>\nconstruido las condiciones de estabilidad y seguridad para que la tarea de<br \/>\ninformar sea un factor de unidad entre los ciudadanos, los comunicadores y  las<br \/>\nautoridades.<\/p>\n<p>Durante su intervenci\u00f3n, el periodista galardonado<br \/>\nMiguel Reyes Razo rememor\u00f3 algunas de sus vivencias  durante sus primeros 50 a\u00f1os en el<br \/>\nperiodismo, destacando la cobertura que realiz\u00f3 &nbsp;del movimiento estudiantil de Tlatelolco en<br \/>\n1968 y como corresponsal de guerra en el L\u00edbano.<\/p>\n<p>Recibieron el<br \/>\nPremio Estatal de Periodismo, Adri\u00e1n Virgen Miranda, de Imagen TV, en el g\u00e9nero<br \/>\nde  nota informativa, por su trabajo<br \/>\ndenominado \u201cCientos de guatemaltecos desplazados en M\u00e9xico\u201d; Noem\u00ed Heredia<br \/>\nBern\u00e9s de Novedades de Campeche, en el g\u00e9nero de entrevista con \u201cMujeres, un<br \/>\npilar fundamental para el desarrollo del estado\u201d, y Jos\u00e9 Alberto Zapata de<br \/>\nRadio Voces Campeche, por su cr\u00f3nica \u201cJuego de Estrellas 2017\u201d.<\/p>\n<p>Tambi\u00e9n,  A\u00edda Alcal\u00e1 Campos  de Comunica Campeche, por su art\u00edculo de<br \/>\nfondo \u201c\u00bfEn perseguirme mundo, qu\u00e9 intereses?\u201d; H\u00e9ctor Michel Balam de Tribuna<br \/>\nCampeche, por su fotograf\u00eda \u201cTrabajo Infantil\u201d; Agust\u00edn Ortiz de Tribuna<br \/>\nCampeche,  por la caricatura \u201cNovia<br \/>\nso\u00f1adora\u201d; Diana Mijangos Alcocer de NCS de Campeche, por el reportaje \u201cCampana<br \/>\nde Esperanza\u201d; Gerardo Sanchez Acosta de Radio Delf\u00edn, por el reportaje \u201cFiesta<br \/>\nde los muertos en Pomuch\u201d y  Jes\u00fas Hubert<br \/>\nCarrera Pal\u00ed de la Jornada Maya, por su columna \u201cTributo a la madre tierra\u201d.<\/p>\n<p>Asistieron<br \/>\ntambi\u00e9n los titulares &nbsp;de los poderes Legislativo y Judicial, Laura<br \/>\nBaqueiro Ramos y Miguel \u00c1ngel Chuc L\u00f3pez, respectivamente; los periodistas<br \/>\nCarlos Ramos Padilla, Teodoro Renter\u00eda Arr\u00f3yave y Jos\u00e9 Luis Uribe Ortega, as\u00ed<br \/>\ncomo alumnos de periodismo y comunicaci\u00f3n de las universidades  \u201cRen\u00e9 Descartes\u201d e Interamericana para el<br \/>\nDesarrollo, campus Campeche.<\/p><\/p>\n","protected":false},"excerpt":{"rendered":"<p>Entrega el Premio Estatal de Periodismo 2018&#8230;<\/p>\n","protected":false},"author":1018,"featured_media":0,"comment_status":"open","ping_status":"open","sticky":false,"template":"","format":"standard","meta":{"tdm_status":"","tdm_grid_status":"","footnotes":""},"categories":[27],"tags":[],"_links":{"self":[{"href":"https:\/\/dralvarez.com.mx\/larevista\/wp-json\/wp\/v2\/posts\/66130"}],"collection":[{"href":"https:\/\/dralvarez.com.mx\/larevista\/wp-json\/wp\/v2\/posts"}],"about":[{"href":"https:\/\/dralvarez.com.mx\/larevista\/wp-json\/wp\/v2\/types\/post"}],"author":[{"embeddable":true,"href":"https:\/\/dralvarez.com.mx\/larevista\/wp-json\/wp\/v2\/users\/1018"}],"replies":[{"embeddable":true,"href":"https:\/\/dralvarez.com.mx\/larevista\/wp-json\/wp\/v2\/comments?post=66130"}],"version-history":[{"count":0,"href":"https:\/\/dralvarez.com.mx\/larevista\/wp-json\/wp\/v2\/posts\/66130\/revisions"}],"wp:attachment":[{"href":"https:\/\/dralvarez.com.mx\/larevista\/wp-json\/wp\/v2\/media?parent=66130"}],"wp:term":[{"taxonomy":"category","embeddable":true,"href":"https:\/\/dralvarez.com.mx\/larevista\/wp-json\/wp\/v2\/categories?post=66130"},{"taxonomy":"post_tag","embeddable":true,"href":"https:\/\/dralvarez.com.mx\/larevista\/wp-json\/wp\/v2\/tags?post=66130"}],"curies":[{"name":"wp","href":"https:\/\/api.w.org\/{rel}","templated":true}]}}