{"id":66098,"date":"2018-06-04T00:00:00","date_gmt":"2018-06-04T06:00:00","guid":{"rendered":"https:\/\/dralvarez.com.mx\/larevista\/blog\/la-seguridad-tiene-que-seguir-siendo-un-valor-de-campeche-asegura-cetina-gomez-26016"},"modified":"2018-06-04T00:00:00","modified_gmt":"2018-06-04T06:00:00","slug":"la-seguridad-tiene-que-seguir-siendo-un-valor-de-campeche-asegura-cetina-gomez-26016","status":"publish","type":"post","link":"https:\/\/dralvarez.com.mx\/larevista\/compeche\/la-seguridad-tiene-que-seguir-siendo-un-valor-de-campeche-asegura-cetina-gomez-26016","title":{"rendered":"La seguridad tiene que seguir siendo un valor de Campeche, asegura Cetina G\u00f3mez"},"content":{"rendered":"<\/p>\n<p>\u201cLa Alianza Campeche entre Ayuntamiento, Gobierno Estatal<br \/>\ny ciudadan\u00eda, ser\u00e1 el pilar fundamental para que el Estado siga siendo un lugar<br \/>\nseguro para invertir, vivir, trabajar y disfrutar\u201d, asegur\u00f3 Claudio Cetina<br \/>\nG\u00f3mez, candidato a la Presidencia Municipal por la coalici\u00f3n \u201cCampeche para<br \/>\nTodos\u201d.<\/p>\n<p>Al presentar el eje \u201cCampeche Seguro\u201d de su plan de<br \/>\ntrabajo, el abanderado del PRI, PVEM y PANAL, declar\u00f3 que entre su estrategia<br \/>\npara avanzar en unidad, Estado y municipio, se encuentra sumarse a las<br \/>\nreuniones mensuales del Grupo de Coordinaci\u00f3n de Seguridad, y la creaci\u00f3n de la<br \/>\n\u201cAlianza Vecinal por la Seguridad\u201d, as\u00ed como trabajar en mejorar los servicios<br \/>\nde alumbrado.<\/p>\n<p>Insisti\u00f3 en que para obtener resultados a corto y<br \/>\nmediano plazo tambi\u00e9n se necesitar\u00e1 la colaboraci\u00f3n y la participaci\u00f3n de la<br \/>\nsociedad civil para establecer redes de seguridad y que todos se sientan c\u00f3modos<br \/>\nen el lugar que habitan.<\/p>\n<p>Teniendo como sede el monumento a Moraz\u00e1n en la<br \/>\ncolonia Bellavista, apunt\u00f3 que todos se tienen que poner las pilas para hacer<br \/>\nque Campeche siga siendo un lugar seguro. \u201cLa seguridad tiene que seguir siendo<br \/>\nun valor de Campeche\u2026 Sin seguridad perdemos todo lo dem\u00e1s\u201d.<\/p>\n<p>Tambi\u00e9n hizo el compromiso de reactivar los m\u00f3dulos de<br \/>\npolic\u00eda en las colonias 20 de Noviembre, Samul\u00e1 y el Carmelo; a coadyuvar en la<br \/>\ninstalaci\u00f3n de m\u00e1s de 180 c\u00e1maras de vigilancia. Pidi\u00f3 el apoyo a la ciudadan\u00eda<br \/>\npara que denuncie cualquier situaci\u00f3n sospechosa.<\/p>\n<p>Al dar incio su sexta semana de actividad pol\u00edtica en<br \/>\nbusca de la confianza ciudadana, recorri\u00f3 las calles del Fovissste Pablo Garc\u00eda<br \/>\ny del barrio de Santa Ana, donde dialog\u00f3 con las familias, les pidi\u00f3 el apoyo y<br \/>\nlos invit\u00f3 a formar parte del proyecto que encabezan los candidatos de la coalici\u00f3n<br \/>\n\u201cCampeche para Todos\u201d.<\/p><\/p>\n","protected":false},"excerpt":{"rendered":"<p>Encuentra sumarse a las reuniones mensuales del Grupo de Coordinaci\u00f3n de Seguridad, y la creaci\u00f3n de la \u201cAlianza Vecinal por la Seguridad&#8221;&#8230;<\/p>\n","protected":false},"author":1018,"featured_media":0,"comment_status":"open","ping_status":"open","sticky":false,"template":"","format":"standard","meta":{"tdm_status":"","tdm_grid_status":"","footnotes":""},"categories":[27],"tags":[],"_links":{"self":[{"href":"https:\/\/dralvarez.com.mx\/larevista\/wp-json\/wp\/v2\/posts\/66098"}],"collection":[{"href":"https:\/\/dralvarez.com.mx\/larevista\/wp-json\/wp\/v2\/posts"}],"about":[{"href":"https:\/\/dralvarez.com.mx\/larevista\/wp-json\/wp\/v2\/types\/post"}],"author":[{"embeddable":true,"href":"https:\/\/dralvarez.com.mx\/larevista\/wp-json\/wp\/v2\/users\/1018"}],"replies":[{"embeddable":true,"href":"https:\/\/dralvarez.com.mx\/larevista\/wp-json\/wp\/v2\/comments?post=66098"}],"version-history":[{"count":0,"href":"https:\/\/dralvarez.com.mx\/larevista\/wp-json\/wp\/v2\/posts\/66098\/revisions"}],"wp:attachment":[{"href":"https:\/\/dralvarez.com.mx\/larevista\/wp-json\/wp\/v2\/media?parent=66098"}],"wp:term":[{"taxonomy":"category","embeddable":true,"href":"https:\/\/dralvarez.com.mx\/larevista\/wp-json\/wp\/v2\/categories?post=66098"},{"taxonomy":"post_tag","embeddable":true,"href":"https:\/\/dralvarez.com.mx\/larevista\/wp-json\/wp\/v2\/tags?post=66098"}],"curies":[{"name":"wp","href":"https:\/\/api.w.org\/{rel}","templated":true}]}}