{"id":65964,"date":"2018-05-31T00:00:00","date_gmt":"2018-05-31T06:00:00","guid":{"rendered":"https:\/\/dralvarez.com.mx\/larevista\/blog\/vamos-a-ganar-porque-tenemos-las-mejores-propuestas-claudio-cetina-gomez-25873"},"modified":"2018-05-31T00:00:00","modified_gmt":"2018-05-31T06:00:00","slug":"vamos-a-ganar-porque-tenemos-las-mejores-propuestas-claudio-cetina-gomez-25873","status":"publish","type":"post","link":"https:\/\/dralvarez.com.mx\/larevista\/compeche\/vamos-a-ganar-porque-tenemos-las-mejores-propuestas-claudio-cetina-gomez-25873","title":{"rendered":"Vamos a ganar porque tenemos las mejores propuestas: Claudio Cetina G\u00f3mez"},"content":{"rendered":"<\/p>\n<p>\u201cCampeche es tierra de personas que saben trabajar en equipo y quieren<br \/>\nsalir adelante. Por eso no hay que perder el tiempo en confrontaci\u00f3n; el<br \/>\nmunicipio y el Estado necesitan las mejores propuestas y no peleas ni<br \/>\nconflictos\u201d, asegur\u00f3 Claudio Cetina G\u00f3mez, candidato a la alcald\u00eda de Campeche<br \/>\npor la coalici\u00f3n \u201cCampeche para Todos\u201d.<\/p>\n<p>Al llevar su plan de trabajo a los vecinos de la colonia Ampliaci\u00f3n<br \/>\nEsperanza, donde casa por casa pidi\u00f3 la confianza para representarlos, asegur\u00f3<br \/>\nque su campa\u00f1a seguir\u00e1 enfocada en un clima de paz y de cercan\u00eda con los<br \/>\nciudadanos, buscando las mejores estrategias para dar soluci\u00f3n a cada una de sus<br \/>\ndemandas.<\/p>\n<p>\u201cVamos a ponernos las pilas para dar lo<br \/>\nmejor a Campeche y a los campechanos, trabajando sin distraernos con<br \/>\nsituaciones que no aportan nada. Los campechanos trabajamos en equipo y con m\u00e1s<br \/>\npilas\u201d, acot\u00f3 el abanderado del PRI, PANAL y PVEM.<\/p>\n<p>Acompa\u00f1ado de su esposa Kathy Mack de Cetina,<br \/>\nmencion\u00f3 que hay garant\u00eda de una relaci\u00f3n de cordialidad con los sindicatos,<br \/>\nquienes son pieza fundamental; \u201cdesde que entremos, tenemos que apoyar primero<br \/>\na la casa con m\u00e1s equipo y despu\u00e9s con la capacitaci\u00f3n que tanto nos piden para<br \/>\nque brinden un servicio de calidad\u201d.<\/p>\n<p>Cetina G\u00f3mez, reiter\u00f3 que la \u201cguerra sucia\u201d<br \/>\nque aparece durante este per\u00edodo de campa\u00f1a se le combate con trabajo, como lo<br \/>\npiden los ciudadanos, quienes est\u00e1n en busca de una mejor calidad de vida.<\/p>\n<p>\u201cDesde el d\u00eda uno estamos confirmando que es<br \/>\ntiempo de trabajo. La gente pide resultados y se dar\u00e1 con la ayuda de todos<br \/>\npara que el primero de julio, seamos un mejor municipio con nuestras 10<br \/>\npropuestas y sobre todo trabajando en equipo\u201d, reafirm\u00f3.<\/p>\n<p>Por la tarde el aliancista, realiz\u00f3 su<br \/>\nactividad pol\u00edtica en la colonia Cumbres, para luego visitar la Ampliaci\u00f3n<br \/>\nJosefa Ortiz de Dom\u00ednguez y la colonia Elvia P\u00e9rez Gonz\u00e1lez, donde su plan de<br \/>\ntrabajo tuvo respaldo y muestras de aceptaci\u00f3n, adem\u00e1s que se sumaron nuevas<br \/>\npropuestas ciudadanas.<\/p><\/p>\n","protected":false},"excerpt":{"rendered":"<p>Campeche es tierra de personas que saben trabajar en equipo y quieren salir adelante&#8230;<\/p>\n","protected":false},"author":1018,"featured_media":0,"comment_status":"open","ping_status":"open","sticky":false,"template":"","format":"standard","meta":{"tdm_status":"","tdm_grid_status":"","footnotes":""},"categories":[27],"tags":[],"_links":{"self":[{"href":"https:\/\/dralvarez.com.mx\/larevista\/wp-json\/wp\/v2\/posts\/65964"}],"collection":[{"href":"https:\/\/dralvarez.com.mx\/larevista\/wp-json\/wp\/v2\/posts"}],"about":[{"href":"https:\/\/dralvarez.com.mx\/larevista\/wp-json\/wp\/v2\/types\/post"}],"author":[{"embeddable":true,"href":"https:\/\/dralvarez.com.mx\/larevista\/wp-json\/wp\/v2\/users\/1018"}],"replies":[{"embeddable":true,"href":"https:\/\/dralvarez.com.mx\/larevista\/wp-json\/wp\/v2\/comments?post=65964"}],"version-history":[{"count":0,"href":"https:\/\/dralvarez.com.mx\/larevista\/wp-json\/wp\/v2\/posts\/65964\/revisions"}],"wp:attachment":[{"href":"https:\/\/dralvarez.com.mx\/larevista\/wp-json\/wp\/v2\/media?parent=65964"}],"wp:term":[{"taxonomy":"category","embeddable":true,"href":"https:\/\/dralvarez.com.mx\/larevista\/wp-json\/wp\/v2\/categories?post=65964"},{"taxonomy":"post_tag","embeddable":true,"href":"https:\/\/dralvarez.com.mx\/larevista\/wp-json\/wp\/v2\/tags?post=65964"}],"curies":[{"name":"wp","href":"https:\/\/api.w.org\/{rel}","templated":true}]}}