{"id":65962,"date":"2018-05-31T00:00:00","date_gmt":"2018-05-31T06:00:00","guid":{"rendered":"https:\/\/dralvarez.com.mx\/larevista\/blog\/gobernador-amc-y-titular-de-sedatu-dan-inicio-a-construccion-de-ciudad-de-las-mujeres-25871"},"modified":"2018-05-31T00:00:00","modified_gmt":"2018-05-31T06:00:00","slug":"gobernador-amc-y-titular-de-sedatu-dan-inicio-a-construccion-de-ciudad-de-las-mujeres-25871","status":"publish","type":"post","link":"https:\/\/dralvarez.com.mx\/larevista\/compeche\/gobernador-amc-y-titular-de-sedatu-dan-inicio-a-construccion-de-ciudad-de-las-mujeres-25871","title":{"rendered":"Gobernador AMC y titular de sedatu dan inicio a construcci\u00f3n de ciudad de las mujeres"},"content":{"rendered":"<\/p>\n<p>El gobernador Alejandro<br \/>\nMoreno C\u00e1rdenas y la secretaria de Desarrollo Agrario, Territorial y Urbano,<br \/>\nRosario Robles Berlanga, dieron inicio a los trabajos de construcci\u00f3n de la<br \/>\nCiudad de las Mujeres, la quinta que el gobierno del presidente Enrique Pe\u00f1a<br \/>\nNieto edifica en el pa\u00eds como un modelo integral de empoderamiento para las<br \/>\nmexicanas, y supervisaron los programas pilotos de vivienda incluyente y del sector<br \/>\njudicial, cuyos beneficiarios recibieron subsidios de los gobiernos federal y<br \/>\nestatal de m\u00e1s del 70 por ciento.<\/p>\n<p>La funcionaria<br \/>\nfederal arrib\u00f3 este mediod\u00eda a la capital del estado para evaluar con el<br \/>\nmandatario campechano el avance de obras de impacto y justicia social que la<br \/>\nadministraci\u00f3n de Pe\u00f1a Nieto realiza en la entidad.<\/p>\n<p>Primero, Robles<br \/>\nBerlanga y Moreno C\u00e1rdenas se<br \/>\ntrasladaron al terreno ubicado en las inmediaciones de la Facultad de<br \/>\nIngenier\u00eda de la Universidad Auton\u00f3ma de Campeche, en la unidad habitacional \u201cSiglo<br \/>\nXXIII\u201d, para poner en marcha la construcci\u00f3n de la Ciudad de las Mujeres con<br \/>\nuna inversi\u00f3n de m\u00e1s de 100 millones de pesos y anunciar que la obra estar\u00e1<br \/>\nlista antes de que concluya la actual gesti\u00f3n federal.<\/p>\n<p>Ah\u00ed, el<br \/>\nmandatario estatal puntualiz\u00f3 que este es uno de los grandes proyectos<br \/>\ninsignias que el titular del Ejecutivo federal impuls\u00f3 en el pa\u00eds en tan s\u00f3lo<br \/>\ncinco ciudades, determinando que la quinta se ubicara en la capital de Campeche<br \/>\npara respaldar y dar m\u00e1s oportunidades a<br \/>\nlas mujeres de todo el estado.<\/p>\n<p>\u201cEn<br \/>\nCampeche todos saben de este proyecto, y hoy es un d\u00eda muy importante porque<br \/>\nestamos cumpliendo con el compromiso, con la palabra del presidente Enrique<br \/>\nPe\u00f1a Nieto\u201d, enfatiz\u00f3.<\/p>\n<p>Previamente,<br \/>\nla titular de la Sedatu especific\u00f3<br \/>\nque el proyecto Ciudad de las Mujeres arranc\u00f3 en el pa\u00eds en Tlapa, Guerrero,<br \/>\nuna de las zonas m\u00e1s pobres, que al d\u00eda de hoy ha atendido a miles de mujeres<br \/>\nind\u00edgenas en su lengua y dado grandes resultados en sus objetivos de empoderar<br \/>\na las f\u00e9minas.<\/p>\n<p>Agreg\u00f3<br \/>\nque es un modelo institucional que tiene que replicarse y defenderse, pues cuenta<br \/>\ncon m\u00f3dulos que impulsan la autonom\u00eda econ\u00f3mica, el empoderamiento de la mujer,<br \/>\nla lucha contra la violencia de g\u00e9nero, los temas de salud y el productivo, y<br \/>\nlos relacionados con las gestiones de demandas ante instancias gubernamentales,<br \/>\nentre otros.<\/p>\n<p>\u2013La<br \/>\nCiudad de las Mujeres que el presidente ha venido entregando y entregar\u00e1 a lo<br \/>\nlargo de este a\u00f1o, distinguen a su gobierno, surgieron durante su gobierno y yo<br \/>\ncreo que es muy importante que defendamos estos proyectos porque son por el<br \/>\nbien de nosotras \u2013asever\u00f3.<\/p>\n<p>Minutos<br \/>\nm\u00e1s tarde, ambos funcionarios se trasladaron al andador 12 Este de la unidad<br \/>\nhabitacional Ciudad Concordia, para supervisar las tres primeras casas<br \/>\nconstruidas mediante los programas pilotos de autoproducci\u00f3n<br \/>\nde vivienda incluyente, dirigido a personas con discapacidad, y para el sector judicial<br \/>\nque beneficia a las familias de polic\u00edas fallecidos en cumplimiento de su<br \/>\ndeber<\/p>\n<p>Tras visitar en<br \/>\nsus nuevas casas a Carmen Morales L\u00f3pez, Rosemary Olivares Caamal y Rita Cort\u00e9s<br \/>\nAguilar, Moreno C\u00e1rdenas resalt\u00f3 que el compromiso de su gobierno es seguir<br \/>\ntrabajando con la Federaci\u00f3n para impulsar acciones de vivienda que dignifiquen<br \/>\nla vida de las personas que m\u00e1s lo necesitan y de quienes, como el caso de los<br \/>\nelementos de seguridad, arriesgan su vida para proteger a las familias<br \/>\ncampechanas y que con su labor diaria hacen posible que el estado tenga el menor<br \/>\n\u00edndice de incidencia delictiva del pa\u00eds.<\/p>\n<p>Agreg\u00f3<br \/>\nque con el apoyo del gobierno federal su administraci\u00f3n implementa otros<br \/>\nproyectos de gran impacto social como el de becas acad\u00e9micas, transporte<br \/>\nescolar gratuito, entrega de laptops para j\u00f3venes del nivel medio superior y<br \/>\nsuperior, y &nbsp;el programa &nbsp;Salario Rosa que proyecta apoyar<br \/>\necon\u00f3micamente y con capacitaci\u00f3n a madres solteras y mujeres con discapacidad<br \/>\ny c\u00e1ncer.<\/p>\n<p>El<br \/>\ngobernador tambi\u00e9n dio a conocer que en respuesta inmediata a la demanda de los<br \/>\nvecinos del andador 12 Este de Ciudad Concordia, se iniciar\u00e1 la construcci\u00f3n de<br \/>\nesa arteria.<\/p>\n<p>Por su parte, la<br \/>\ntitular de la Sedatu, Rosario Robles, dijo que el programa de vivienda de autoproduccion es uno de los m\u00e1s importantes<br \/>\nimpulsados por el presidente Pe\u00f1a Nieto, pues es una forma de canalizar los<br \/>\nsubsidios a un sector que no tiene esquema de seguridad social ni apoyo para<br \/>\nobtener una casa.<\/p>\n<p>Signific\u00f3<br \/>\nque el de vivienda incluyente tiene todas las caracter\u00edsticas para que las<br \/>\npersonas con discapacidad puedan habitar su casa sin ning\u00fan problema y<br \/>\ndesarrollarse plenamente.<\/p>\n<p>En<br \/>\nreferencia al programa que atiende al sector judicial, enfatiz\u00f3 que mientras a<br \/>\nlos elementos polic\u00edacos se les pide que cumplan con su deber de proteger a la<br \/>\nsociedad, muchas veces no se da respuesta a la tarea de protegerlos, ni a ellos<br \/>\nni a sus familias, con algo que es tan elemental como tener un techo digno.<\/p>\n<p>\u201cTodos<br \/>\nlos d\u00edas salen a la calle a jugarse la vida por nosotros y por lo menos deben<br \/>\nsalir con la tranquilidad de saber que sus familias est\u00e1n protegidas; ese es un<br \/>\nun acto de justicia muy importante\u201d, finaliz\u00f3.<\/p>\n<p>La Ciudad de las<br \/>\nMujeres, estar\u00e1 construida sobre la avenida Ex Hacienda Kal\u00e1, en la unidad<br \/>\nhabitacional \u201cSiglo XXIII\u201d, en un terreno de seis hect\u00e1reas. Contar\u00e1 con siete<br \/>\nedificios que albergar\u00e1n  m\u00f3dulos de<br \/>\natenci\u00f3n de la Sedesol, contra la violencia femenina, de autonom\u00eda econ\u00f3mica y<br \/>\neducaci\u00f3n colectiva, adem\u00e1s de un multicentro para actividades, \u00e1reas<br \/>\ndeportivas, jardines y estacionamientos.<\/p>\n<p>Las viviendas de<br \/>\nlos programas pilotos de autoproducci\u00f3n del sector judicial y de inclusi\u00f3n<br \/>\n2018, cuentan con sala, comedor, cocina, ba\u00f1o y dos rec\u00e1maras. Tienen un costo<br \/>\ntotal de 165 mil pesos y los beneficiarios solo pagar\u00e1n 37 mil 693 pesos,<br \/>\ndebido a que ellos aportaron ocho mil 250 pesos y los gobiernos federal y<br \/>\nestatal  les otorgaron subsidios por m\u00e1s<br \/>\nde 119 mil, poco m\u00e1s del 70 por ciento del costo total de la casa.<\/p>\n<p>Estuvieron<br \/>\npresentes, el secretario general de Gobierno, Carlos Miguel Aysa Gon\u00e1lez; el<br \/>\ntitular de Seduopi, Edilberto Buenfil Montalvo; el delegado de Sedatu Campeche,<br \/>\nJos\u00e9 Domingo Mar\u00edn; el jefe de la Unidad de programas de apoyo a la<br \/>\ninfraestructura y servicios de la Sedatu, Jos\u00e9 Manuel Armenta Tello; el<br \/>\ndirector de Desarrollo de la Vivienda en Campeche (Codesvi), Oswaldo Sierra<br \/>\nVillajuana; el fiscal del Estado, Juan Manuel Herrera Campos y el secretario de<br \/>\nSeguridad P\u00fablica, Jorge Arg\u00e1ez Uribe.<\/p>\n<p><\/p>\n","protected":false},"excerpt":{"rendered":"<p>Supervisan programas pilotos de vivienda incluyente y del sector judicial&#8230;<\/p>\n","protected":false},"author":1018,"featured_media":0,"comment_status":"open","ping_status":"open","sticky":false,"template":"","format":"standard","meta":{"tdm_status":"","tdm_grid_status":"","footnotes":""},"categories":[27],"tags":[],"_links":{"self":[{"href":"https:\/\/dralvarez.com.mx\/larevista\/wp-json\/wp\/v2\/posts\/65962"}],"collection":[{"href":"https:\/\/dralvarez.com.mx\/larevista\/wp-json\/wp\/v2\/posts"}],"about":[{"href":"https:\/\/dralvarez.com.mx\/larevista\/wp-json\/wp\/v2\/types\/post"}],"author":[{"embeddable":true,"href":"https:\/\/dralvarez.com.mx\/larevista\/wp-json\/wp\/v2\/users\/1018"}],"replies":[{"embeddable":true,"href":"https:\/\/dralvarez.com.mx\/larevista\/wp-json\/wp\/v2\/comments?post=65962"}],"version-history":[{"count":0,"href":"https:\/\/dralvarez.com.mx\/larevista\/wp-json\/wp\/v2\/posts\/65962\/revisions"}],"wp:attachment":[{"href":"https:\/\/dralvarez.com.mx\/larevista\/wp-json\/wp\/v2\/media?parent=65962"}],"wp:term":[{"taxonomy":"category","embeddable":true,"href":"https:\/\/dralvarez.com.mx\/larevista\/wp-json\/wp\/v2\/categories?post=65962"},{"taxonomy":"post_tag","embeddable":true,"href":"https:\/\/dralvarez.com.mx\/larevista\/wp-json\/wp\/v2\/tags?post=65962"}],"curies":[{"name":"wp","href":"https:\/\/api.w.org\/{rel}","templated":true}]}}