{"id":65959,"date":"2018-05-31T00:00:00","date_gmt":"2018-05-31T06:00:00","guid":{"rendered":"https:\/\/dralvarez.com.mx\/larevista\/blog\/trabajo-coordinado-para-acelerar-la-conformacion-del-convenio-de-coordinacion-de-la-zona-economica-especial-zee-25868"},"modified":"2018-05-31T00:00:00","modified_gmt":"2018-05-31T06:00:00","slug":"trabajo-coordinado-para-acelerar-la-conformacion-del-convenio-de-coordinacion-de-la-zona-economica-especial-zee-25868","status":"publish","type":"post","link":"https:\/\/dralvarez.com.mx\/larevista\/compeche\/trabajo-coordinado-para-acelerar-la-conformacion-del-convenio-de-coordinacion-de-la-zona-economica-especial-zee-25868","title":{"rendered":"Trabajo coordinado para acelerar la conformaci\u00f3n del convenio de coordinaci\u00f3n de la Zona Econ\u00f3mica Especial (ZEE)"},"content":{"rendered":"<\/p>\n<p>El trabajo coordinado de los tres \u00f3rdenes de Gobierno permitir\u00e1 acelerar la conformaci\u00f3n del convenio de coordinaci\u00f3n de la Zona Econ\u00f3mica Especial (ZEE) de Campeche, manifest\u00f3 el titular de la Secretar\u00eda de Desarrollo Econ\u00f3mico (SEDECO), Jos\u00e9 Berzunza Esp\u00ednola, al reunirse con el Secretario Ejecutivo de la Autoridad Federal para el Desarrollo de las Zonas Econ\u00f3micas Especiales (AFDZEE), Enrique Huesca Fern\u00e1ndez, y representantes de la Secretar\u00eda General de Gobierno (SEGOB), el Servicio de Administraci\u00f3n Fiscal (SEAFI), la Consejer\u00eda Jur\u00eddica y los ayuntamientos de Campeche, Carmen y Champot\u00f3n.<\/p>\n<p>&nbsp;<\/p>\n<p>&nbsp;<\/p>\n<p><\/p>\n","protected":false},"excerpt":{"rendered":"<p>Secretar\u00eda de desarrollo econ\u00f3mico<\/p>\n","protected":false},"author":1018,"featured_media":0,"comment_status":"open","ping_status":"open","sticky":false,"template":"","format":"standard","meta":{"tdm_status":"","tdm_grid_status":"","footnotes":""},"categories":[27],"tags":[],"_links":{"self":[{"href":"https:\/\/dralvarez.com.mx\/larevista\/wp-json\/wp\/v2\/posts\/65959"}],"collection":[{"href":"https:\/\/dralvarez.com.mx\/larevista\/wp-json\/wp\/v2\/posts"}],"about":[{"href":"https:\/\/dralvarez.com.mx\/larevista\/wp-json\/wp\/v2\/types\/post"}],"author":[{"embeddable":true,"href":"https:\/\/dralvarez.com.mx\/larevista\/wp-json\/wp\/v2\/users\/1018"}],"replies":[{"embeddable":true,"href":"https:\/\/dralvarez.com.mx\/larevista\/wp-json\/wp\/v2\/comments?post=65959"}],"version-history":[{"count":0,"href":"https:\/\/dralvarez.com.mx\/larevista\/wp-json\/wp\/v2\/posts\/65959\/revisions"}],"wp:attachment":[{"href":"https:\/\/dralvarez.com.mx\/larevista\/wp-json\/wp\/v2\/media?parent=65959"}],"wp:term":[{"taxonomy":"category","embeddable":true,"href":"https:\/\/dralvarez.com.mx\/larevista\/wp-json\/wp\/v2\/categories?post=65959"},{"taxonomy":"post_tag","embeddable":true,"href":"https:\/\/dralvarez.com.mx\/larevista\/wp-json\/wp\/v2\/tags?post=65959"}],"curies":[{"name":"wp","href":"https:\/\/api.w.org\/{rel}","templated":true}]}}