{"id":65927,"date":"2018-05-31T00:00:00","date_gmt":"2018-05-31T06:00:00","guid":{"rendered":"https:\/\/dralvarez.com.mx\/larevista\/blog\/haremos-del-turismo-una-fortaleza-para-el-municipio-ccg-25834"},"modified":"2018-05-31T00:00:00","modified_gmt":"2018-05-31T06:00:00","slug":"haremos-del-turismo-una-fortaleza-para-el-municipio-ccg-25834","status":"publish","type":"post","link":"https:\/\/dralvarez.com.mx\/larevista\/compeche\/haremos-del-turismo-una-fortaleza-para-el-municipio-ccg-25834","title":{"rendered":"Haremos del turismo una fortaleza para el municipio: CCG"},"content":{"rendered":"<\/p>\n<p>El candidato de la coalici\u00f3n \u201cCampeche para Todos\u201d a la alcald\u00eda de<br \/>\nCampeche, Claudio Cetina G\u00f3mez, refrend\u00f3 su compromiso de impulsar el turismo<br \/>\npara dar a conocer los mayores atractivos del municipio.<\/p>\n<p>Al visitar a los vecinos de las colonias San Rafael y Tepeyac,<br \/>\nacompa\u00f1ado de su esposa Kathy Mack de Cetina y de Jorge Ortega P\u00e9rez, candidato<br \/>\na diputado local por el Distrito 05, apunt\u00f3 que la gente ser\u00e1 copart\u00edcipe de<br \/>\nlos trabajos para que Campeche sea un municipio moderno y progresista.<\/p>\n<p>\u201cEs fundamental el tema del turismo; tenemos el nombramiento de<br \/>\nPatrimonio Cultural de la Humanidad que nos ha dado ventaja sobre otros<br \/>\nmunicipios, coloc\u00e1ndonos como una capital fuerte en el tema\u201d, reconoci\u00f3 Claudio<br \/>\nCetina.<\/p>\n<p>Al celebrar que Campeche se est\u00e9 consolidando en el sector tur\u00edstico<br \/>\ndeportivo, apunt\u00f3 que el regreso de la moton\u00e1utica, los d\u00edas 15 y 17 de junio,<br \/>\ngenerar\u00e1 un ingreso al municipio, traducido en m\u00e1s servicios y beneficios para<br \/>\nlos ciudadanos.<\/p>\n<p>Al respecto, el candidato aliancista, expres\u00f3 que los representantes<br \/>\ndel sector hotelero y restaurantero tienen disposici\u00f3n para colaborar y<br \/>\nfortalecer los proyectos que se tengan en este tema.<\/p>\n<p>En ambas colonias, la principal demanda ciudadana es rehabilitar los<br \/>\nandadores, a lo que el abanderado expres\u00f3 que ser\u00e1 prioridad para su<br \/>\nadministraci\u00f3n consolidar las mejores condiciones para los ciudadanos de<br \/>\ncolonias y fraccionamientos.<\/p>\n<p>Cetina G\u00f3mez reiter\u00f3, que en los temas urbanos, tambi\u00e9n se trabajar\u00e1<br \/>\nen equipo con los dem\u00e1s candidatos de la Alianza Campeche, que han demostrado<br \/>\nsu inter\u00e9s por mejorar las condiciones de vida de los campechanos.<\/p><\/p>\n","protected":false},"excerpt":{"rendered":"<p>Claudio Cetina G\u00f3mez, refrend\u00f3 su compromiso de impulsar el turismo para dar a conocer los mayores atractivos del municipio&#8230;<\/p>\n","protected":false},"author":1018,"featured_media":0,"comment_status":"open","ping_status":"open","sticky":false,"template":"","format":"standard","meta":{"tdm_status":"","tdm_grid_status":"","footnotes":""},"categories":[27],"tags":[],"_links":{"self":[{"href":"https:\/\/dralvarez.com.mx\/larevista\/wp-json\/wp\/v2\/posts\/65927"}],"collection":[{"href":"https:\/\/dralvarez.com.mx\/larevista\/wp-json\/wp\/v2\/posts"}],"about":[{"href":"https:\/\/dralvarez.com.mx\/larevista\/wp-json\/wp\/v2\/types\/post"}],"author":[{"embeddable":true,"href":"https:\/\/dralvarez.com.mx\/larevista\/wp-json\/wp\/v2\/users\/1018"}],"replies":[{"embeddable":true,"href":"https:\/\/dralvarez.com.mx\/larevista\/wp-json\/wp\/v2\/comments?post=65927"}],"version-history":[{"count":0,"href":"https:\/\/dralvarez.com.mx\/larevista\/wp-json\/wp\/v2\/posts\/65927\/revisions"}],"wp:attachment":[{"href":"https:\/\/dralvarez.com.mx\/larevista\/wp-json\/wp\/v2\/media?parent=65927"}],"wp:term":[{"taxonomy":"category","embeddable":true,"href":"https:\/\/dralvarez.com.mx\/larevista\/wp-json\/wp\/v2\/categories?post=65927"},{"taxonomy":"post_tag","embeddable":true,"href":"https:\/\/dralvarez.com.mx\/larevista\/wp-json\/wp\/v2\/tags?post=65927"}],"curies":[{"name":"wp","href":"https:\/\/api.w.org\/{rel}","templated":true}]}}