{"id":65912,"date":"2018-05-30T00:00:00","date_gmt":"2018-05-30T06:00:00","guid":{"rendered":"https:\/\/dralvarez.com.mx\/larevista\/blog\/dif-estatal-reconoce-a-empleados-destacados-por-sus-anos-de-servicio-su-actualizacion-y-profesionalizacion-25819"},"modified":"2018-05-30T00:00:00","modified_gmt":"2018-05-30T06:00:00","slug":"dif-estatal-reconoce-a-empleados-destacados-por-sus-anos-de-servicio-su-actualizacion-y-profesionalizacion-25819","status":"publish","type":"post","link":"https:\/\/dralvarez.com.mx\/larevista\/compeche\/dif-estatal-reconoce-a-empleados-destacados-por-sus-anos-de-servicio-su-actualizacion-y-profesionalizacion-25819","title":{"rendered":"DIF estatal reconoce a empleados destacados por sus a\u00f1os de servicio, su actualizaci\u00f3n y profesionalizaci\u00f3n"},"content":{"rendered":"<\/p>\n<p>El Sistema Estatal para el Desarrollo Integral de la Familia (DIF) distingui\u00f3 a los empleados de las diferentes \u00e1reas de la instituci\u00f3n que han destacado en su calidad de trabajo realizado por 10, 15, 20 y 25 a\u00f1os de servicio, as\u00ed como a los empleados que cursaron diplomados encaminados a la profesionalizaci\u00f3n para la mejora de la administraci\u00f3n p\u00fablica estatal.<\/p>\n<p>De esta forma, fueron reconocidos 10 empleados de la Direcci\u00f3n de Administraci\u00f3n; dos de la Direcci\u00f3n General; ocho de la Direcci\u00f3n de Desarrollo Familiar y Voluntariado; ocho de la Direcci\u00f3n de Atenci\u00f3n Integral al Adulto Mayor (DAIAM); tres de la Direcci\u00f3n de Atenci\u00f3n Social y Discapacidad; uno de la Direcci\u00f3n Jur\u00eddica; uno de la Direcci\u00f3n de Comunicaci\u00f3n Social; dos de la Direcci\u00f3n de Planeaci\u00f3n Estrat\u00e9gica; dos de la Direcci\u00f3n de Finanzas; siete de la Procuradur\u00eda de Protecci\u00f3n de Ni\u00f1as, Ni\u00f1os y Adolescentes (PNNA); dos del Centro de Rehabilitaci\u00f3n y Educaci\u00f3n Especial (CREE); cinco del Centro Regional de Rehabilitaci\u00f3n Integral (CRRI) y dos de la Direcci\u00f3n de Asistencia Alimentaria y Desarrollo Comunitario.<\/p>\n<p>Asimismo, se reconoci\u00f3 a cinco empleados que cursaron diversos diplomados en el \u00e1rea de Disciplina Financiera y Contabilidad Gubernamental, mejorando la calidad en el servicio que ofrece la instituci\u00f3n.<\/p>\n<p>En lo que se refiere a la certificaci\u00f3n en el est\u00e1ndar de competencia 866, que establece que el DIF Estatal tiene en su \u00e1mbito de competencia los requisitos para autorizar, registrar, certificar y supervisar los Centros Asistenciales para garantizar los derechos de las ni\u00f1as, ni\u00f1os y adolescentes, recibieron su reconocimientos seis empleados<\/p><\/p>\n","protected":false},"excerpt":{"rendered":"<p>Fueron reconocidos 10 empleados de la Direcci\u00f3n de Administraci\u00f3n; dos de la Direcci\u00f3n General; ocho de la Direcci\u00f3n de Desarrollo Familiar y Voluntar<\/p>\n","protected":false},"author":1018,"featured_media":0,"comment_status":"open","ping_status":"open","sticky":false,"template":"","format":"standard","meta":{"tdm_status":"","tdm_grid_status":"","footnotes":""},"categories":[27],"tags":[],"_links":{"self":[{"href":"https:\/\/dralvarez.com.mx\/larevista\/wp-json\/wp\/v2\/posts\/65912"}],"collection":[{"href":"https:\/\/dralvarez.com.mx\/larevista\/wp-json\/wp\/v2\/posts"}],"about":[{"href":"https:\/\/dralvarez.com.mx\/larevista\/wp-json\/wp\/v2\/types\/post"}],"author":[{"embeddable":true,"href":"https:\/\/dralvarez.com.mx\/larevista\/wp-json\/wp\/v2\/users\/1018"}],"replies":[{"embeddable":true,"href":"https:\/\/dralvarez.com.mx\/larevista\/wp-json\/wp\/v2\/comments?post=65912"}],"version-history":[{"count":0,"href":"https:\/\/dralvarez.com.mx\/larevista\/wp-json\/wp\/v2\/posts\/65912\/revisions"}],"wp:attachment":[{"href":"https:\/\/dralvarez.com.mx\/larevista\/wp-json\/wp\/v2\/media?parent=65912"}],"wp:term":[{"taxonomy":"category","embeddable":true,"href":"https:\/\/dralvarez.com.mx\/larevista\/wp-json\/wp\/v2\/categories?post=65912"},{"taxonomy":"post_tag","embeddable":true,"href":"https:\/\/dralvarez.com.mx\/larevista\/wp-json\/wp\/v2\/tags?post=65912"}],"curies":[{"name":"wp","href":"https:\/\/api.w.org\/{rel}","templated":true}]}}