{"id":65907,"date":"2018-05-30T00:00:00","date_gmt":"2018-05-30T06:00:00","guid":{"rendered":"https:\/\/dralvarez.com.mx\/larevista\/blog\/gobernador-amc-encabeza-lanzamiento-de-becas-linde-scholars-udem-2018-25814"},"modified":"2018-05-30T00:00:00","modified_gmt":"2018-05-30T06:00:00","slug":"gobernador-amc-encabeza-lanzamiento-de-becas-linde-scholars-udem-2018-25814","status":"publish","type":"post","link":"https:\/\/dralvarez.com.mx\/larevista\/compeche\/gobernador-amc-encabeza-lanzamiento-de-becas-linde-scholars-udem-2018-25814","title":{"rendered":"Gobernador AMC encabeza lanzamiento de becas linde scholars-udem 2018"},"content":{"rendered":"<\/p>\n<p>El gobernador Alejandro Moreno C\u00e1rdenas encabez\u00f3 el lanzamiento<br \/>\ndel programa de becas Linde Scholars 2018, para seleccionar a la segunda<br \/>\ngeneraci\u00f3n de j\u00f3venes campechanos con alto desempe\u00f1o acad\u00e9mico que cursar\u00e1<br \/>\nestudios profesionales ligados principalmente a la Ingenier\u00eda en la prestigiada<br \/>\nUniversidad de Monterrey (UDEM).<\/p>\n<p>En esta edici\u00f3n, de un total de 100 j\u00f3venes bachilleres ser\u00e1n<br \/>\nseleccionados los 10 m\u00e1s sobresalientes, quienes se sumar\u00e1n a la primera<br \/>\ngeneraci\u00f3n de 40 campechanos becados al 100 por ciento desde el a\u00f1o pasado.<\/p>\n<p>Durante el evento, el mandatario exhort\u00f3 a los<br \/>\nalumnos de preparatoria de diversas instituciones acad\u00e9micas como Cecytec,<br \/>\nCobacam, Conalep, Instituto Campechano y Unacar, que acudieron al Centro de<br \/>\nConvenciones y Exposiciones \u201cCampeche XXI\u201d a presentar su examen de admisi\u00f3n, a<br \/>\naprovechar las oportunidades que se les brinda para que tengan una mejor<br \/>\npreparaci\u00f3n y hagan frente a un mundo global y competitivo.<\/p>\n<p>Reconoci\u00f3<br \/>\nel compromiso social que Linde Group, propietaria de la planta de nitr\u00f3geno de<br \/>\nla Pen\u00ednsula de Atasta, ha demostrado con Campeche y el respaldo que la UDEM ha<br \/>\notorgado al proyecto acad\u00e9mico.<\/p>\n<p>El<br \/>\ntitular del Ejecutivo a\u00f1adi\u00f3 que desde el primer d\u00eda de su gobierno le ha<br \/>\ninvertido con todo a la educaci\u00f3n, pues ha entregado mayor equipamiento,<br \/>\ninfraestructura y apoyos acad\u00e9micos para los j\u00f3venes, al tiempo que consider\u00f3<br \/>\nque es necesario que a estos esfuezos se sumen la sociedad y las instituciones<br \/>\npara incrementar las ofertas de oportunidades para la juventud mexicana.<\/p>\n<p>&nbsp;<\/p>\n<p>\u201cUstedes<br \/>\ntienen esta gran oportunidad, deben aprovecharla y demostrar que con voluntad<br \/>\ninquebrantable, firmeza, constancia y perseverancia se pueden alcanzar las<br \/>\nmetas trazadas\u201d, sostuvo.<\/p>\n<p>\nPreviamente, el director de Finanzas de Linde<br \/>\nGroup M\u00e9xico, Juan Alberto Palacios Gonz\u00e1lez, coment\u00f3 que la empresa seguir\u00e1<br \/>\nrespaldando el proyecto educativo no \u00fanicamente como parte de la<br \/>\nresponsabilidad social que la empresa tiene con las comunidades donde opera,<br \/>\nsino porque Moreno C\u00e1rdenas ha apoyado las acciones que le aseguran a los<br \/>\nj\u00f3venes campechanos formaci\u00f3n acad\u00e9mica de calidad. <\/p>\n<p>&nbsp;<\/p>\n<p>Por su<br \/>\nparte, la vicerrectora de Formaci\u00f3n Integral de la UDEM, Isabella Navarro<br \/>\nGrueter, detall\u00f3 que Linde Scholars es un programa que otorga becas del 100 por<br \/>\nciento para estudiar una carrera disponible dentro del programa acad\u00e9mico de la<br \/>\nUniversidad de Monterrey, la cual incluye alojamiento en las residencias, la<br \/>\noportunidad de aprender otros idiomas y de vivir por un semestre una<br \/>\nexperiencia internacional. <\/p>\n<p>Antes,<br \/>\nel secretario de Educaci\u00f3n, Ricardo Medina Farf\u00e1n, dijo que con estas becas los<br \/>\nj\u00f3venes tendr\u00e1n una mejor perspectiva de su futuro y la oportunidad de estudiar<br \/>\nuna carrera orientada al campo de la Ingenier\u00eda en una de las mejores<br \/>\nuniversidades de M\u00e9xico.  <\/p>\n<p>&nbsp;<\/p>\n<p>Durante<br \/>\nel evento, Ivar Cach Junco, becario desde el a\u00f1o pasado de la carrera de<br \/>\nIngenier\u00eda en Innovaci\u00f3n Sustentable y Energ\u00eda, agradeci\u00f3 la oportunidad<br \/>\nque Linde Scholars brinda a los j\u00f3venes campechanos para poder estudiar en una<br \/>\nuniversidad de prestigio como la UDEM, pues adem\u00e1s de motivarlos a seguir<br \/>\nconservando sus excelentes promedios, les garantiza una preparaci\u00f3n integral a<br \/>\nfin de contribuir al desarrollo del pa\u00eds y de sus lugares de origen.<\/p>\n<p>&nbsp;<\/p>\n<p>Al resaltar que este<br \/>\napoyo refleja el enorme compromiso social que tiene el Gobierno de Campeche con<br \/>\nla educaci\u00f3n, agradeci\u00f3 a Moreno C\u00e1rdenas por las herramientas e<br \/>\ninfraestructura escolar que les ha brindado a los educandos en lo que va su<br \/>\nadministraci\u00f3n.<\/p>\n<p>&nbsp;<\/p>\n<p>La beca Linde Scholars<br \/>\nincluye: Pago del 100 por ciento de la colegiatura, igual porcentaje en el<br \/>\ncosto del alojamiento en las residencias de la UDEM, seguro de gastos m\u00e9dicos<br \/>\nmayores y seguro de cobertura patrimonial, cuota fija de traslado y de apoyo<br \/>\npara alimentaci\u00f3n, apoyo para libros y materiales acad\u00e9micos, y cursos de<br \/>\ningl\u00e9s desde el primer semestre y de alem\u00e1n desde el cuarto semestre, entre<br \/>\notros beneficios.<\/p>\n<p>&nbsp;<\/p>\n<p>Adem\u00e1s, cubre los siguientes programas<br \/>\nacad\u00e9micos de Ingenier\u00eda: Biom\u00e9dica, Civil, en Gesti\u00f3n Empresarial, en<br \/>\nInnovaci\u00f3n Sustentable y Energ\u00eda, en Mecatr\u00f3nica, Industrial y de Sistemas,<br \/>\nMec\u00e1nico Administrador, y las licenciaturas en Direcci\u00f3n Estrat\u00e9gica del<br \/>\nCapital Humano y en Psicolog\u00eda del Trabajo y las Organizaciones. <\/p>\n<p>\nEstuvieron presentes, la titular del Poder<br \/>\nLegislativo, Laura Baqueiro Ramos; el alcalde Edgar Hern\u00e1ndez Herna\u0301ndez; el<br \/>\ndelegado de la Secretar\u00eda de Educaci\u00f3n P\u00fablica (SEP), Rafael Alcal\u00e1\u0301 Ortiz; el<br \/>\ndiputado Jos\u00e9\u0301 Guadalupe Guzm\u00e1n Chi, y la directora de Responsabilidad Social<br \/>\nde Linde Group M\u00e9xico, Lorena de Lima.<\/p>\n<p>&nbsp;<\/p>\n<p>&nbsp;<\/p>\n<p><\/p>\n","protected":false},"excerpt":{"rendered":"<p>\u201cUstedes tienen esta gran oportunidad, deben aprovecharla&#8221;<\/p>\n","protected":false},"author":1018,"featured_media":0,"comment_status":"open","ping_status":"open","sticky":false,"template":"","format":"standard","meta":{"tdm_status":"","tdm_grid_status":"","footnotes":""},"categories":[27],"tags":[],"_links":{"self":[{"href":"https:\/\/dralvarez.com.mx\/larevista\/wp-json\/wp\/v2\/posts\/65907"}],"collection":[{"href":"https:\/\/dralvarez.com.mx\/larevista\/wp-json\/wp\/v2\/posts"}],"about":[{"href":"https:\/\/dralvarez.com.mx\/larevista\/wp-json\/wp\/v2\/types\/post"}],"author":[{"embeddable":true,"href":"https:\/\/dralvarez.com.mx\/larevista\/wp-json\/wp\/v2\/users\/1018"}],"replies":[{"embeddable":true,"href":"https:\/\/dralvarez.com.mx\/larevista\/wp-json\/wp\/v2\/comments?post=65907"}],"version-history":[{"count":0,"href":"https:\/\/dralvarez.com.mx\/larevista\/wp-json\/wp\/v2\/posts\/65907\/revisions"}],"wp:attachment":[{"href":"https:\/\/dralvarez.com.mx\/larevista\/wp-json\/wp\/v2\/media?parent=65907"}],"wp:term":[{"taxonomy":"category","embeddable":true,"href":"https:\/\/dralvarez.com.mx\/larevista\/wp-json\/wp\/v2\/categories?post=65907"},{"taxonomy":"post_tag","embeddable":true,"href":"https:\/\/dralvarez.com.mx\/larevista\/wp-json\/wp\/v2\/tags?post=65907"}],"curies":[{"name":"wp","href":"https:\/\/api.w.org\/{rel}","templated":true}]}}