{"id":65854,"date":"2018-05-29T00:00:00","date_gmt":"2018-05-29T06:00:00","guid":{"rendered":"https:\/\/dralvarez.com.mx\/larevista\/blog\/tendremos-un-gobierno-municipal-incluyente-y-cercano-a-la-ciudadania-afirma-claudio-cetina-gomez-25754"},"modified":"2018-05-29T00:00:00","modified_gmt":"2018-05-29T06:00:00","slug":"tendremos-un-gobierno-municipal-incluyente-y-cercano-a-la-ciudadania-afirma-claudio-cetina-gomez-25754","status":"publish","type":"post","link":"https:\/\/dralvarez.com.mx\/larevista\/compeche\/tendremos-un-gobierno-municipal-incluyente-y-cercano-a-la-ciudadania-afirma-claudio-cetina-gomez-25754","title":{"rendered":"Tendremos un Gobierno Municipal incluyente y cercano a la ciudadan\u00eda, afirma Claudio Cetina G\u00f3mez"},"content":{"rendered":"<\/p>\n<p>\u201cClaudio Cetina G\u00f3mez presidir\u00e1 un Ayuntamiento que se conducir\u00e1<br \/>\nprivilegiando el di\u00e1logo, el respeto e inclusi\u00f3n de las diferentes expresiones<br \/>\nsociales, dando atenci\u00f3n a sus demandas\u201d, afirm\u00f3 el candidato de la coalici\u00f3n<br \/>\n\u201cCampeche para Todos\u201d.<\/p>\n<p>Al visitar a los vecinos de Solidaridad Urbana, donde fue recibido<br \/>\nentre porras y buenos deseos, Cetina G\u00f3mez, expres\u00f3 que, trabajando en alianza,<br \/>\nCampeche ser\u00e1 un municipio y un Estado a la vanguardia, con programas que<br \/>\nayuden a los ciudadanos a tener mejor bienestar social.<\/p>\n<p>Acompa\u00f1ado por decenas de mujeres, hombres y ni\u00f1os que coreaban, \u201cse<br \/>\nve, se siente, Claudio esta presente\u201d, asumi\u00f3 la responsabilidad que de llegar<br \/>\na la alcald\u00eda de Campeche continuar\u00e1 con las acciones de pavimentaci\u00f3n y mejora<br \/>\nde los servicios p\u00fablicos, as\u00ed como los proyectos para recuperar los espacios recreativos<br \/>\nque son de los ciudadanos.<\/p>\n<p>Record\u00f3 que su administraci\u00f3n trabajar\u00e1 por igual en la zona urbana y<br \/>\nrural, brind\u00e1ndoles mejores oportunidades a los habitantes, donde todos tendr\u00e1n<br \/>\nespacio y cabida para desarrollar condiciones de progreso.<\/p>\n<p>\u201cNo tengan duda que seremos el Gobierno Municipal m\u00e1s incluyente que<br \/>\nha habido; lo hemos demostrado, primero trabajando en equipo con todos los<br \/>\nciudadanos, con propuestas viables que se pueden cumplir en tres a\u00f1os\u201d,<br \/>\nsignific\u00f3 el candidato.<\/p>\n<p>Sobre la propuesta de los empresarios al candidato presidencial Jos\u00e9<br \/>\nAntonio Meade, de reubicar el aeropuerto internacional \u201cIng. Alberto Acu\u00f1a<br \/>\nOngay\u201d, expres\u00f3 que se mantiene a favor del proyecto para unificar el municipio<br \/>\ny facilitar los servicios p\u00fablicos a los habitantes.&nbsp;<\/p>\n<p>\u201cEs una propuesta que est\u00e1 pensada en una visi\u00f3n a futuro; con esas<br \/>\nm\u00e1s de 200 hect\u00e1reas que se estar\u00edan desocupando podremos darle vivienda y<br \/>\nespacios de usos m\u00faltiples a los ciudadanos que tanto lo demandan\u201d, indic\u00f3.<\/p>\n<p>Como parte de su actividad pol\u00edtica en busca del respaldo ciudadano,<br \/>\npor la tarde, el abanderado del PRI, PVEM y PANAL recorri\u00f3 las calles de la<br \/>\ncolonia Polvor\u00edn y del fraccionamiento Quinta Hermosa, difundiendo sus<br \/>\npropuestas y escuchando planteamientos para reforzar su plan de trabajo.<\/p><\/p>\n","protected":false},"excerpt":{"rendered":"<p>Acompa\u00f1ado por decenas de mujeres, hombres y ni\u00f1os que coreaban, \u201cse ve, se siente, Claudio esta presente\u201d,<\/p>\n","protected":false},"author":1018,"featured_media":0,"comment_status":"open","ping_status":"open","sticky":false,"template":"","format":"standard","meta":{"tdm_status":"","tdm_grid_status":"","footnotes":""},"categories":[27],"tags":[],"_links":{"self":[{"href":"https:\/\/dralvarez.com.mx\/larevista\/wp-json\/wp\/v2\/posts\/65854"}],"collection":[{"href":"https:\/\/dralvarez.com.mx\/larevista\/wp-json\/wp\/v2\/posts"}],"about":[{"href":"https:\/\/dralvarez.com.mx\/larevista\/wp-json\/wp\/v2\/types\/post"}],"author":[{"embeddable":true,"href":"https:\/\/dralvarez.com.mx\/larevista\/wp-json\/wp\/v2\/users\/1018"}],"replies":[{"embeddable":true,"href":"https:\/\/dralvarez.com.mx\/larevista\/wp-json\/wp\/v2\/comments?post=65854"}],"version-history":[{"count":0,"href":"https:\/\/dralvarez.com.mx\/larevista\/wp-json\/wp\/v2\/posts\/65854\/revisions"}],"wp:attachment":[{"href":"https:\/\/dralvarez.com.mx\/larevista\/wp-json\/wp\/v2\/media?parent=65854"}],"wp:term":[{"taxonomy":"category","embeddable":true,"href":"https:\/\/dralvarez.com.mx\/larevista\/wp-json\/wp\/v2\/categories?post=65854"},{"taxonomy":"post_tag","embeddable":true,"href":"https:\/\/dralvarez.com.mx\/larevista\/wp-json\/wp\/v2\/tags?post=65854"}],"curies":[{"name":"wp","href":"https:\/\/api.w.org\/{rel}","templated":true}]}}