{"id":65840,"date":"2018-05-29T00:00:00","date_gmt":"2018-05-29T06:00:00","guid":{"rendered":"https:\/\/dralvarez.com.mx\/larevista\/blog\/alumnos-del-cecytec-asisten-al-xvii-concurso-nacional-de-creatividad-e-innovacion-tecnologica-de-los-cecytes-25739"},"modified":"2018-05-29T00:00:00","modified_gmt":"2018-05-29T06:00:00","slug":"alumnos-del-cecytec-asisten-al-xvii-concurso-nacional-de-creatividad-e-innovacion-tecnologica-de-los-cecytes-25739","status":"publish","type":"post","link":"https:\/\/dralvarez.com.mx\/larevista\/compeche\/alumnos-del-cecytec-asisten-al-xvii-concurso-nacional-de-creatividad-e-innovacion-tecnologica-de-los-cecytes-25739","title":{"rendered":"Alumnos del CECYTEC asisten al XVII concurso nacional de creatividad e innovaci\u00f3n tecnol\u00f3gica de los CECYTE\u2019S"},"content":{"rendered":"<\/p>\n<p>Alumnos y docentes del Colegio de Estudios Cient\u00edficos y Tecnol\u00f3gicos del Estado de Campeche (CECyTEC) se encuentran participando con cuatro proyectos cient\u00edficos y tecnol\u00f3gicos en el XVII Concurso Nacional de Creatividad e Innovaci\u00f3n Tecnol\u00f3gica de los CECyTE\u2019s 2018, que se lleva a cabo en Quer\u00e9taro, Quer\u00e9taro, y que fue inaugurado por el Coordinador Nacional de CECyTE\u2019s, Enrique Macedo.<\/p>\n<p>Los proyectos participantes de los j\u00f3venes campechano son: \u201cPanelec\u201d, en la categor\u00eda de Did\u00e1ctica, presentado por la docente Yazmin Alejandra Mart\u00ednez Quintal y Salvador Avila Ch\u00ed, del plantel Poumuch; en la categor\u00eda de Ecol\u00f3gico, los alumnos del plantel Pomuch: Alejandra Ku Pech y Jos\u00e9 Mar\u00eda Yam Balam, con su proyecto \u201cBamb\u00fa como alternativa para la cimbra\u201d; en la categor\u00eda de Inform\u00e1tico, los alumnos del plantel Alfredo V. Bonfil: Britney Karime Mart\u00ednez Tovar y Julio Enrique Uitz Centuri\u00f3n, con el proyecto \u201cGeomath\u201d; y en la categor\u00eda de Investigaci\u00f3n, los j\u00f3venes del mismo plantel: Martha Dzib Vivas e Itzel P\u00e9rez P\u00e9rez, con el proyecto \u201cSuujuy (licor artesanal)\u201d.<\/p>\n<p><\/p>\n","protected":false},"excerpt":{"rendered":"<p>Los proyectos participantes de los j\u00f3venes campechano son: \u201cPanelec\u201d, en la categor\u00eda de Did\u00e1ctica&#8230;<\/p>\n","protected":false},"author":1018,"featured_media":0,"comment_status":"open","ping_status":"open","sticky":false,"template":"","format":"standard","meta":{"tdm_status":"","tdm_grid_status":"","footnotes":""},"categories":[27],"tags":[],"_links":{"self":[{"href":"https:\/\/dralvarez.com.mx\/larevista\/wp-json\/wp\/v2\/posts\/65840"}],"collection":[{"href":"https:\/\/dralvarez.com.mx\/larevista\/wp-json\/wp\/v2\/posts"}],"about":[{"href":"https:\/\/dralvarez.com.mx\/larevista\/wp-json\/wp\/v2\/types\/post"}],"author":[{"embeddable":true,"href":"https:\/\/dralvarez.com.mx\/larevista\/wp-json\/wp\/v2\/users\/1018"}],"replies":[{"embeddable":true,"href":"https:\/\/dralvarez.com.mx\/larevista\/wp-json\/wp\/v2\/comments?post=65840"}],"version-history":[{"count":0,"href":"https:\/\/dralvarez.com.mx\/larevista\/wp-json\/wp\/v2\/posts\/65840\/revisions"}],"wp:attachment":[{"href":"https:\/\/dralvarez.com.mx\/larevista\/wp-json\/wp\/v2\/media?parent=65840"}],"wp:term":[{"taxonomy":"category","embeddable":true,"href":"https:\/\/dralvarez.com.mx\/larevista\/wp-json\/wp\/v2\/categories?post=65840"},{"taxonomy":"post_tag","embeddable":true,"href":"https:\/\/dralvarez.com.mx\/larevista\/wp-json\/wp\/v2\/tags?post=65840"}],"curies":[{"name":"wp","href":"https:\/\/api.w.org\/{rel}","templated":true}]}}