{"id":65825,"date":"2018-05-29T00:00:00","date_gmt":"2018-05-29T06:00:00","guid":{"rendered":"https:\/\/dralvarez.com.mx\/larevista\/blog\/productos-campechanos-entraran-a-anaqueles-de-tiendas-willys-25723"},"modified":"2018-05-29T00:00:00","modified_gmt":"2018-05-29T06:00:00","slug":"productos-campechanos-entraran-a-anaqueles-de-tiendas-willys-25723","status":"publish","type":"post","link":"https:\/\/dralvarez.com.mx\/larevista\/compeche\/productos-campechanos-entraran-a-anaqueles-de-tiendas-willys-25723","title":{"rendered":"Productos campechanos entrar\u00e1n a anaqueles de tiendas willys"},"content":{"rendered":"<\/p>\n<p>La<br \/>\nCompa\u00f1\u00eda Mayorista de Abarrotes (COMA) y el Desarrollo de la Micro, Peque\u00f1a y Mediana<br \/>\nEmpresa (INDEMIPYME) iniciaron trabajos para que productos campechanos ingresen<br \/>\na los anaqueles de sus 16 de sus tiendas de autoservicio Willys, ubicadas en la<br \/>\ncapital campechana.<\/p>\n<p>Por<br \/>\nmedio del programa de Desarrollo de Proveedores, se concertaron citas con<br \/>\nempresas campechanas en distintos giros y la Compa\u00f1\u00eda Mayorista de Abarrotes<br \/>\n(COMA), la cual evalu\u00f3 las caracter\u00edsticas de cada producto que se expuso, a<br \/>\nfin de sumarlos a su piso de ventas de al menos 16 tiendas en la ciudad.<\/p>\n<p>A<br \/>\ntrav\u00e9s del \u00e1rea de compras de grupo COMA, la Secretar\u00eda de Desarrollo Econ\u00f3mico<br \/>\n(SEDECO) organiz\u00f3 una mesa de entrevistas en las que se analizaron los<br \/>\nproductos para determinar si cumplen con los requisitos que le permitan entrar<br \/>\na esta cadena comercial.<\/p>\n<p>De<br \/>\nmanera adicional, grupo COMA ofreci\u00f3 buscar espacios de venta a determinados<br \/>\nproductos campechanos para la zona tur\u00edstica de Riviera Maya, integrado<br \/>\nprincipalmente por cadenas internacioneles de hoteles.<\/p>\n<p>Como<br \/>\nuna alternativa m\u00e1s, la comercializadora expres\u00f3 su intenci\u00f3n de que algunos<br \/>\nproductos campechanos que cumplan los requisitos, lleguen a SurtiCOMA, una<br \/>\nempresa dedicada a la venta y distribuci\u00f3n de abarrotes y productos de consumo<br \/>\npopular de marcas l\u00edderes en el mercado, el cual est\u00e1 dirigido a abarroteros,<br \/>\ntenderos, restauranteros, as\u00ed como minoristas y consumidores finales del Estado<br \/>\nde Yucat\u00e1n.<\/p>\n<p>Con<br \/>\nesta mesa de negocios, grupo COMA abre<br \/>\nsus tiendas productos campechanos como dulces de miel y derivados,<br \/>\nrepelentes, art\u00edculos de limpieza org\u00e1nicos, chocolates, salsas picantes,<br \/>\nbotanas y frituras, quesos, bebidas a base de moringa, agua purificada y hielo,<br \/>\nas\u00ed como pulpa de frutas con chile y chamoy.<\/p><\/p>\n","protected":false},"excerpt":{"rendered":"<p>Iniciaron trabajos para que productos campechanos ingresen a los anaqueles de sus 16 de sus tiendas de autoservicio Willys&#8230;<\/p>\n","protected":false},"author":1018,"featured_media":0,"comment_status":"open","ping_status":"open","sticky":false,"template":"","format":"standard","meta":{"tdm_status":"","tdm_grid_status":"","footnotes":""},"categories":[27],"tags":[],"_links":{"self":[{"href":"https:\/\/dralvarez.com.mx\/larevista\/wp-json\/wp\/v2\/posts\/65825"}],"collection":[{"href":"https:\/\/dralvarez.com.mx\/larevista\/wp-json\/wp\/v2\/posts"}],"about":[{"href":"https:\/\/dralvarez.com.mx\/larevista\/wp-json\/wp\/v2\/types\/post"}],"author":[{"embeddable":true,"href":"https:\/\/dralvarez.com.mx\/larevista\/wp-json\/wp\/v2\/users\/1018"}],"replies":[{"embeddable":true,"href":"https:\/\/dralvarez.com.mx\/larevista\/wp-json\/wp\/v2\/comments?post=65825"}],"version-history":[{"count":0,"href":"https:\/\/dralvarez.com.mx\/larevista\/wp-json\/wp\/v2\/posts\/65825\/revisions"}],"wp:attachment":[{"href":"https:\/\/dralvarez.com.mx\/larevista\/wp-json\/wp\/v2\/media?parent=65825"}],"wp:term":[{"taxonomy":"category","embeddable":true,"href":"https:\/\/dralvarez.com.mx\/larevista\/wp-json\/wp\/v2\/categories?post=65825"},{"taxonomy":"post_tag","embeddable":true,"href":"https:\/\/dralvarez.com.mx\/larevista\/wp-json\/wp\/v2\/tags?post=65825"}],"curies":[{"name":"wp","href":"https:\/\/api.w.org\/{rel}","templated":true}]}}