{"id":65815,"date":"2018-05-28T00:00:00","date_gmt":"2018-05-28T06:00:00","guid":{"rendered":"https:\/\/dralvarez.com.mx\/larevista\/blog\/va-claudio-cetina-gomez-por-un-campeche-mas-humano-25712"},"modified":"2018-05-28T00:00:00","modified_gmt":"2018-05-28T06:00:00","slug":"va-claudio-cetina-gomez-por-un-campeche-mas-humano-25712","status":"publish","type":"post","link":"https:\/\/dralvarez.com.mx\/larevista\/compeche\/va-claudio-cetina-gomez-por-un-campeche-mas-humano-25712","title":{"rendered":"Va Claudio Cetina G\u00f3mez por un Campeche m\u00e1s humano"},"content":{"rendered":"<\/p>\n<p>\u201cTodos tenemos que ponernos las pilas, el Ayuntamiento<br \/>\nde Campeche y la gente, ya que es la mejor forma de tener un municipio m\u00e1s<br \/>\nhumano, m\u00e1s sano y m\u00e1s educado\u201d, enfatiz\u00f3 Claudio Cetina G\u00f3mez, candidato a la<br \/>\nPresidencia Municipal de Campeche.<\/p>\n<p>En rueda de prensa, al presentar su quinto<br \/>\neje de gobierno \u201cCampeche Humano\u201d, refiri\u00f3 que est\u00e1 enfocado a la salud,<br \/>\neducaci\u00f3n, pol\u00edticas sociales y a un Campeche incluyente para que los<br \/>\nciudadanos sean copart\u00edcipes de las acciones que garanticen los servicios y el<br \/>\nbienestar de la poblaci\u00f3n.<\/p>\n<p>El candidato de la coalici\u00f3n \u201cCampeche para<br \/>\nTodos\u201d, reafirm\u00f3 que en su administraci\u00f3n, el Ayuntamiento ser\u00e1 el principal<br \/>\ngestor y trabajar\u00e1 en alianza con las dependencias estatales y federales, para<br \/>\nllevarle a los campechanos los programas que m\u00e1s necesitan para lograr una ciudad<br \/>\nque avance hacia el progreso de manera justa y equilibrada.<\/p>\n<p>En el tema de salud, Cetina G\u00f3mez, expres\u00f3<br \/>\nque mantendr\u00e1n las campa\u00f1as contra el alcoholismo, la drogadicci\u00f3n y la obesidad<br \/>\na trav\u00e9s del deporte y brigadas de orientaci\u00f3n m\u00e9dica, tanto en la ciudad como<br \/>\nen las comunidades rurales.<\/p>\n<p>Tambi\u00e9n la educaci\u00f3n tendr\u00e1 mayor impulso a<br \/>\ntrav\u00e9s de cursos, talleres y capacitaci\u00f3n a j\u00f3venes y adultos de los distintos<br \/>\nsectores de la poblaci\u00f3n. En este sentido, a\u00f1adi\u00f3 que su administraci\u00f3n har\u00e1 la<br \/>\ndiferencia con un Campeche Humano, que respeta e integra a todas las personas, sin<br \/>\ndistingos de ning\u00fan tipo y fomentando la equidad.<\/p>\n<p>\u201cUn Campeche m\u00e1s humano, con m\u00e1s educaci\u00f3n, salud<br \/>\ny con m\u00e1s valores, es un Campeche con m\u00e1s pilas\u201d, acot\u00f3 el abanderado de la<br \/>\ncoalici\u00f3n PRI-PVEM-PANAL.<\/p>\n<p>Igual se refiri\u00f3 a la visita de Jos\u00e9 Antonio<br \/>\nMeade, candidato presidencial por la coalici\u00f3n \u201cTodos por M\u00e9xico\u201d, y reiter\u00f3 su<br \/>\nrespaldo, al considerar que sus propuestas como el Servicio de Salud Universal<br \/>\npara las personas de la tercera edad, est\u00e1n enfocadas a propiciar mejor calidad<br \/>\nde vida a los mexicanos.<\/p>\n<p>Por la tarde \u201cel<br \/>\ngallo\u201d, visit\u00f3 a los vecinos de la unidad habitacional Presidentes de M\u00e9xico,<br \/>\ndonde casa por casa, pidi\u00f3 la confianza para representarlos y trabajar por<br \/>\nCampeche los siguientes tres a\u00f1os y juntos consolidar el progreso del<br \/>\nmunicipio.<\/p><\/p>\n","protected":false},"excerpt":{"rendered":"<p>Todos tenemos que ponernos las pilas, el Ayuntamiento de Campeche y la gente, ya que es la mejor forma de tener un municipio m\u00e1s humano&#8230;<\/p>\n","protected":false},"author":1018,"featured_media":0,"comment_status":"open","ping_status":"open","sticky":false,"template":"","format":"standard","meta":{"tdm_status":"","tdm_grid_status":"","footnotes":""},"categories":[27],"tags":[],"_links":{"self":[{"href":"https:\/\/dralvarez.com.mx\/larevista\/wp-json\/wp\/v2\/posts\/65815"}],"collection":[{"href":"https:\/\/dralvarez.com.mx\/larevista\/wp-json\/wp\/v2\/posts"}],"about":[{"href":"https:\/\/dralvarez.com.mx\/larevista\/wp-json\/wp\/v2\/types\/post"}],"author":[{"embeddable":true,"href":"https:\/\/dralvarez.com.mx\/larevista\/wp-json\/wp\/v2\/users\/1018"}],"replies":[{"embeddable":true,"href":"https:\/\/dralvarez.com.mx\/larevista\/wp-json\/wp\/v2\/comments?post=65815"}],"version-history":[{"count":0,"href":"https:\/\/dralvarez.com.mx\/larevista\/wp-json\/wp\/v2\/posts\/65815\/revisions"}],"wp:attachment":[{"href":"https:\/\/dralvarez.com.mx\/larevista\/wp-json\/wp\/v2\/media?parent=65815"}],"wp:term":[{"taxonomy":"category","embeddable":true,"href":"https:\/\/dralvarez.com.mx\/larevista\/wp-json\/wp\/v2\/categories?post=65815"},{"taxonomy":"post_tag","embeddable":true,"href":"https:\/\/dralvarez.com.mx\/larevista\/wp-json\/wp\/v2\/tags?post=65815"}],"curies":[{"name":"wp","href":"https:\/\/api.w.org\/{rel}","templated":true}]}}