{"id":65749,"date":"2018-05-28T00:00:00","date_gmt":"2018-05-28T06:00:00","guid":{"rendered":"https:\/\/dralvarez.com.mx\/larevista\/blog\/tendra-el-municipio-de-campeche-nuevo-panteon-municipal-reitera-claudio-cetina-gomez-25644"},"modified":"2018-05-28T00:00:00","modified_gmt":"2018-05-28T06:00:00","slug":"tendra-el-municipio-de-campeche-nuevo-panteon-municipal-reitera-claudio-cetina-gomez-25644","status":"publish","type":"post","link":"https:\/\/dralvarez.com.mx\/larevista\/compeche\/tendra-el-municipio-de-campeche-nuevo-panteon-municipal-reitera-claudio-cetina-gomez-25644","title":{"rendered":"Tendr\u00e1 el municipio de Campeche nuevo pante\u00f3n municipal, reitera Claudio Cetina G\u00f3mez"},"content":{"rendered":"<\/p>\n<p>Habitantes de la colonia Morelos y del fraccionamiento Villa Mercedes,<br \/>\nrespaldaron el proyecto de municipio de Claudio Cetina G\u00f3mez, candidato a la alcald\u00eda<br \/>\nde Campeche por la coalici\u00f3n \u201cCampeche para Todos\u201d, quien reiter\u00f3 su compromiso<br \/>\nde crear un nuevo pante\u00f3n municipal.<\/p>\n<p>Al visitar a los residentes, a quienes les pidi\u00f3 su confianza para<br \/>\nrepresentarlos en Ayuntamiento y lograr juntos un municipio progresista, Cetina<br \/>\nG\u00f3mez refiri\u00f3 que con el nuevo cementerio ser\u00e1 resuelta la problem\u00e1tica de<br \/>\nfalta de espacio en los camposantos municipales.<\/p>\n<p>Acompa\u00f1ado en su recorrido por la candidata a diputada local por el<br \/>\nDistrito 01, Laura Hern\u00e1ndez Pacheco, el aliancista reconoci\u00f3 que dicha demanda<br \/>\nciudadana ser\u00e1 atendida con el trabajo en equipo, adem\u00e1s de establecer un<br \/>\nprograma de rehabilitaci\u00f3n y mantenimiento para los cementerios existentes.<\/p>\n<p>Referente a la llegada al Estado de Jos\u00e9 Antonio Meade, candidato de<br \/>\nla coalici\u00f3n \u201cTodos por M\u00e9xico\u201d, opin\u00f3 que vendr\u00e1 a reforzar todo lo que han<br \/>\ntrabajado y en conjunto reafirmar\u00e1 propuestas y proyectos para beneficio de los<br \/>\ncampechanos.<\/p>\n<p>\u201cPepe Meade es el candidato mejor preparado, as\u00ed lo demostr\u00f3 en el<br \/>\nanterior debate y durante su larga trayectoria ha brindado buenos resultados,<br \/>\nque es lo que demanda la poblaci\u00f3n\u201d, concluy\u00f3<\/p><\/p>\n","protected":false},"excerpt":{"rendered":"<p>Habitantes de la colonia Morelos y del fraccionamiento Villa Mercedes, respaldaron el proyecto de municipio de Claudio Cetina G\u00f3mez&#8230;<\/p>\n","protected":false},"author":1018,"featured_media":0,"comment_status":"open","ping_status":"open","sticky":false,"template":"","format":"standard","meta":{"tdm_status":"","tdm_grid_status":"","footnotes":""},"categories":[27],"tags":[],"_links":{"self":[{"href":"https:\/\/dralvarez.com.mx\/larevista\/wp-json\/wp\/v2\/posts\/65749"}],"collection":[{"href":"https:\/\/dralvarez.com.mx\/larevista\/wp-json\/wp\/v2\/posts"}],"about":[{"href":"https:\/\/dralvarez.com.mx\/larevista\/wp-json\/wp\/v2\/types\/post"}],"author":[{"embeddable":true,"href":"https:\/\/dralvarez.com.mx\/larevista\/wp-json\/wp\/v2\/users\/1018"}],"replies":[{"embeddable":true,"href":"https:\/\/dralvarez.com.mx\/larevista\/wp-json\/wp\/v2\/comments?post=65749"}],"version-history":[{"count":0,"href":"https:\/\/dralvarez.com.mx\/larevista\/wp-json\/wp\/v2\/posts\/65749\/revisions"}],"wp:attachment":[{"href":"https:\/\/dralvarez.com.mx\/larevista\/wp-json\/wp\/v2\/media?parent=65749"}],"wp:term":[{"taxonomy":"category","embeddable":true,"href":"https:\/\/dralvarez.com.mx\/larevista\/wp-json\/wp\/v2\/categories?post=65749"},{"taxonomy":"post_tag","embeddable":true,"href":"https:\/\/dralvarez.com.mx\/larevista\/wp-json\/wp\/v2\/tags?post=65749"}],"curies":[{"name":"wp","href":"https:\/\/api.w.org\/{rel}","templated":true}]}}