{"id":65730,"date":"2018-05-25T00:00:00","date_gmt":"2018-05-25T06:00:00","guid":{"rendered":"https:\/\/dralvarez.com.mx\/larevista\/blog\/juntos-vamos-a-tener-un-municipio-y-estado-mas-seguro-ccg-25624"},"modified":"2018-05-25T00:00:00","modified_gmt":"2018-05-25T06:00:00","slug":"juntos-vamos-a-tener-un-municipio-y-estado-mas-seguro-ccg-25624","status":"publish","type":"post","link":"https:\/\/dralvarez.com.mx\/larevista\/compeche\/juntos-vamos-a-tener-un-municipio-y-estado-mas-seguro-ccg-25624","title":{"rendered":"Juntos vamos a tener un municipio y Estado m\u00e1s seguro: CCG"},"content":{"rendered":"<\/p>\n<p>\u201cEstoy convencido<br \/>\nque si los ciudadanos y los tres \u00f3rdenes de gobierno trabajamos en esta Alianza<br \/>\nde Seguridad, mejoraremos esos \u00edndices delictivos y Campeche continuar\u00e1 siendo<br \/>\nel Estado m\u00e1s seguro del pa\u00eds\u201d, sostuvo Claudio Cetina G\u00f3mez, candidato a la<br \/>\nPresidencia Municipal de Campeche por la coalici\u00f3n \u201cCampeche para Todos\u201d.<\/p>\n<p>Al recorrer desde<br \/>\ntemprana hora la colonia Pablo Garc\u00eda, acompa\u00f1ado de Laura Hern\u00e1ndez Pacheco,<br \/>\ncandidata a diputada local del Distrito 01, el abanderado del PRI, PVEM y<br \/>\nPANAL, reconoci\u00f3 que la preocupaci\u00f3n principal es la seguridad y aunque<br \/>\nCampeche es el Estado m\u00e1s seguro, no est\u00e1 exento de delitos, los cuales, hay<br \/>\nque combatir en equipo.<\/p>\n<p>Al encontrase en su<br \/>\ncuarta semana de activismo pol\u00edtico y al recibir buena aceptaci\u00f3n de los<br \/>\ncampechanos, Cetina G\u00f3mez, se\u00f1al\u00f3 que este tema no puede ser tomado a la ligera<br \/>\nya que no hay varita m\u00e1gica para resolverlo, pero si, con trabajo coordinado se<br \/>\npuede atender brindando resultados favorables.<\/p>\n<p>A ello, apunt\u00f3 que<br \/>\ntiene como firme prop\u00f3sito obtener un lugar en el Grupo de Coordinaci\u00f3n de<br \/>\nSeguridad que encabeza el gobernador, Alejandro Moreno C\u00e1rdenas, para llevar<br \/>\ncada demanda y soluci\u00f3n que propongan los habitantes y que las familias se<br \/>\nsientan m\u00e1s seguras en donde viven.<\/p>\n<p>El joven aliancista,<br \/>\nse dijo contento que en el poblado de Chin\u00e1, la unidad habitacional Fovissste<br \/>\nBel\u00e9n y el fraccionamiento Fracciorama 2000, ya cuentan con grupos de \u201cAlianza<br \/>\nVecinal por la Seguridad\u201d, donde trabajando coordinadamente los \u00edndices<br \/>\ndelictivos han bajado a cero.<\/p>\n<p>\u201cNo podemos tener<br \/>\nun polic\u00eda en cada calle, pero s\u00ed podemos tener un ciudadano pendiente que<br \/>\ntenga un protocolo de seguridad; no es responsabilidad del ayuntamiento, pero<br \/>\nsi podemos ser copart\u00edcipes, incluyendo a todos los ciudadanos\u201d, expuso.<\/p>\n<p>Asimismo expuso: \u201cvamos<br \/>\na ponernos las pilas juntos; tenemos que atender siempre a todos los ciudadanos.<br \/>\nHay que trabajar todos y cada uno de los d\u00edas para que en todos los rincones<br \/>\ndel municipio tengamos paz\u201d.<\/p>\n<p>Por la tarde, \u201cel<br \/>\ngallo\u201d, visit\u00f3 el fraccionamiento Vista Hermosa donde calle por calle salud\u00f3 a<br \/>\nlos pobladores, exponi\u00e9ndoles su propuesta de trabajo y de quienes escuch\u00f3<br \/>\nplanteamientos  que nutren su proyecto<br \/>\npara un municipio pr\u00f3spero.<\/p><\/p>\n","protected":false},"excerpt":{"rendered":"<p>Tiene como firme prop\u00f3sito obtener un lugar en el Grupo de Coordinaci\u00f3n de Seguridad que encabeza el gobernador&#8230;<\/p>\n","protected":false},"author":1018,"featured_media":0,"comment_status":"open","ping_status":"open","sticky":false,"template":"","format":"standard","meta":{"tdm_status":"","tdm_grid_status":"","footnotes":""},"categories":[27],"tags":[],"_links":{"self":[{"href":"https:\/\/dralvarez.com.mx\/larevista\/wp-json\/wp\/v2\/posts\/65730"}],"collection":[{"href":"https:\/\/dralvarez.com.mx\/larevista\/wp-json\/wp\/v2\/posts"}],"about":[{"href":"https:\/\/dralvarez.com.mx\/larevista\/wp-json\/wp\/v2\/types\/post"}],"author":[{"embeddable":true,"href":"https:\/\/dralvarez.com.mx\/larevista\/wp-json\/wp\/v2\/users\/1018"}],"replies":[{"embeddable":true,"href":"https:\/\/dralvarez.com.mx\/larevista\/wp-json\/wp\/v2\/comments?post=65730"}],"version-history":[{"count":0,"href":"https:\/\/dralvarez.com.mx\/larevista\/wp-json\/wp\/v2\/posts\/65730\/revisions"}],"wp:attachment":[{"href":"https:\/\/dralvarez.com.mx\/larevista\/wp-json\/wp\/v2\/media?parent=65730"}],"wp:term":[{"taxonomy":"category","embeddable":true,"href":"https:\/\/dralvarez.com.mx\/larevista\/wp-json\/wp\/v2\/categories?post=65730"},{"taxonomy":"post_tag","embeddable":true,"href":"https:\/\/dralvarez.com.mx\/larevista\/wp-json\/wp\/v2\/tags?post=65730"}],"curies":[{"name":"wp","href":"https:\/\/api.w.org\/{rel}","templated":true}]}}