{"id":65719,"date":"2018-05-25T00:00:00","date_gmt":"2018-05-25T06:00:00","guid":{"rendered":"https:\/\/dralvarez.com.mx\/larevista\/blog\/piden-apoyo-firme-al-sector-pesquero-campechano-25613"},"modified":"2018-05-25T00:00:00","modified_gmt":"2018-05-25T06:00:00","slug":"piden-apoyo-firme-al-sector-pesquero-campechano-25613","status":"publish","type":"post","link":"https:\/\/dralvarez.com.mx\/larevista\/compeche\/piden-apoyo-firme-al-sector-pesquero-campechano-25613","title":{"rendered":"Piden apoyo firme al sector pesquero campechano"},"content":{"rendered":"<\/p>\n<p>Contundente<br \/>\nllamado a respaldar con firmeza al sector pesquero campechano, hizo el<br \/>\ngobernador Alejandro Moreno C\u00e1rdenas durante la LIV reuni\u00f3n ordinaria de la<br \/>\nConferencia Nacional de Gobernadores (Conago), que clausur\u00f3 el presidente<br \/>\nEnrique Pe\u00f1a Nieto.<\/p>\n<p>Al<br \/>\nintervenir, durante la sesi\u00f3n de trabajo del organismo nacional de mandatarios,<br \/>\nMoreno C\u00e1rdenas plante\u00f3 una serie de acciones para apoyar totalmente a los<br \/>\narmadores y pescadores de altura y ribere\u00f1os.<\/p>\n<p>En<br \/>\nese sentido, el gobernador de Campeche propuso bajar los precios del<br \/>\ncombustible al productor pesquero mediante el incremento a los subsidios, para<br \/>\nhacer los precios competitivos con los del \u00e1mbito internacional.<\/p>\n<p>Pidi\u00f3<br \/>\nemitir y sustituir los permisos de pesca correspondientes, para aprovechar las<br \/>\nnuevas zonas de captura de mediana altura; establecer un programa que apoye o<br \/>\nsubsidie parcialmente las inversiones y el equipamiento requerido para la<br \/>\nreconversi\u00f3n de la flota pesquera ribere\u00f1a y aprovechar sustentablemente las<br \/>\nnuevas zonas de captura,  as\u00ed como abrir<br \/>\nuna l\u00ednea de cr\u00e9dito de 500 millones de pesos, con tasas preferenciales para la<br \/>\nreconversi\u00f3n de la flota ribere\u00f1a en embarcaciones de mediana altura<br \/>\ndebidamente equipadas y el reacondicionamiento de las embarcaciones de altura.<\/p>\n<p>Asimismo,<br \/>\nexpuso la construcci\u00f3n de un parque industrial acu\u00edcola dentro la Zona<br \/>\nEcon\u00f3mica Especial de Campeche, al igual que la conformaci\u00f3n y operaci\u00f3n de un<br \/>\ncentro de innovaci\u00f3n y desarrollo pesquero y acu\u00edcola en la entidad;<br \/>\nincrementar el porcentaje de participaci\u00f3n del sector pesquero y acu\u00edcola en<br \/>\nlos programas de concurrencia, y otorgar los permisos de pesca comercial que<br \/>\nrequiere el estado para regularizar la actividad en el marco del ordenamiento<br \/>\npesquero y los planes de manejo actualizados.<\/p>\n<p>\u201cLa<br \/>\npesca es una de las actividades fundamentales para potenciar la econom\u00eda del<br \/>\npa\u00eds, ya que no solo es una importante fuente de ingresos y empleos, sino<br \/>\ntambi\u00e9n de alimentos para la poblaci\u00f3n, por lo que es indispensable actuar con<br \/>\nfirmeza en el establecimiento de estrategias conjuntas que permitan dinamizar<br \/>\nsu crecimiento\u201d, sostuvo.<\/p>\n<p>En<br \/>\nla reuni\u00f3n, el gobernador de Chiapas, Manuel Velasco Coello, asumi\u00f3 la<br \/>\npresidencia de la Conago, toda vez que concluy\u00f3 el per\u00edodo de su hom\u00f3logo de<br \/>\nTabasco, Arturo N\u00fa\u00f1ez Jim\u00e9nez.<\/p>\n<p>Tras<br \/>\nla sesi\u00f3n privada de trabajo, el gobernador campechano acompa\u00f1\u00f3 al presidente<br \/>\nde M\u00e9xico en la ceremonia de clausura de la LIV reuni\u00f3n ordinaria, en la que<br \/>\ntambi\u00e9n estuvieron presentes los secretarios de Gobernaci\u00f3n, Alfonso Navarrete<br \/>\nPrida, y de Econom\u00eda, Ildefonso Guajardo Villarreal.<\/p><\/p>\n","protected":false},"excerpt":{"rendered":"<p>Gobierno de campeche&#8230;<\/p>\n","protected":false},"author":1018,"featured_media":0,"comment_status":"open","ping_status":"open","sticky":false,"template":"","format":"standard","meta":{"tdm_status":"","tdm_grid_status":"","footnotes":""},"categories":[27],"tags":[],"_links":{"self":[{"href":"https:\/\/dralvarez.com.mx\/larevista\/wp-json\/wp\/v2\/posts\/65719"}],"collection":[{"href":"https:\/\/dralvarez.com.mx\/larevista\/wp-json\/wp\/v2\/posts"}],"about":[{"href":"https:\/\/dralvarez.com.mx\/larevista\/wp-json\/wp\/v2\/types\/post"}],"author":[{"embeddable":true,"href":"https:\/\/dralvarez.com.mx\/larevista\/wp-json\/wp\/v2\/users\/1018"}],"replies":[{"embeddable":true,"href":"https:\/\/dralvarez.com.mx\/larevista\/wp-json\/wp\/v2\/comments?post=65719"}],"version-history":[{"count":0,"href":"https:\/\/dralvarez.com.mx\/larevista\/wp-json\/wp\/v2\/posts\/65719\/revisions"}],"wp:attachment":[{"href":"https:\/\/dralvarez.com.mx\/larevista\/wp-json\/wp\/v2\/media?parent=65719"}],"wp:term":[{"taxonomy":"category","embeddable":true,"href":"https:\/\/dralvarez.com.mx\/larevista\/wp-json\/wp\/v2\/categories?post=65719"},{"taxonomy":"post_tag","embeddable":true,"href":"https:\/\/dralvarez.com.mx\/larevista\/wp-json\/wp\/v2\/tags?post=65719"}],"curies":[{"name":"wp","href":"https:\/\/api.w.org\/{rel}","templated":true}]}}