{"id":65669,"date":"2018-05-24T00:00:00","date_gmt":"2018-05-24T06:00:00","guid":{"rendered":"https:\/\/dralvarez.com.mx\/larevista\/blog\/claudio-cetina-gomez-comprometido-con-la-inclusion-de-las-mujeres-25558"},"modified":"2018-05-24T00:00:00","modified_gmt":"2018-05-24T06:00:00","slug":"claudio-cetina-gomez-comprometido-con-la-inclusion-de-las-mujeres-25558","status":"publish","type":"post","link":"https:\/\/dralvarez.com.mx\/larevista\/compeche\/claudio-cetina-gomez-comprometido-con-la-inclusion-de-las-mujeres-25558","title":{"rendered":"Claudio Cetina G\u00f3mez, comprometido con la inclusi\u00f3n de las mujeres"},"content":{"rendered":"<\/p>\n<p>El candidato de la coalici\u00f3n \u201cCampeche para Todos\u201d a la Presidencia<br \/>\nMunicipal, Claudio Cetina G\u00f3mez, se dijo comprometido con las mujeres para<br \/>\nbrindarles espacios de calidad y oportunidades para el desarrollo de sus<br \/>\ncapacidades, pues sus aportaciones y cualidades fortalecen el desarrollo de<br \/>\nCampeche.<\/p>\n<p>Al visitar por segunda ocasi\u00f3n la Unidad Habitacional Siglo XXI, expres\u00f3<br \/>\nque la coalici\u00f3n que representa cumple con el concepto fundamental de la<br \/>\nequidad de g\u00e9nero y su Ayuntamiento continuar\u00e1 fomentando la igualdad social<br \/>\npara el pleno ejercicio de los derechos de hombres y mujeres.<\/p>\n<p>Al llevar sus propuestas al lugar donde ser\u00e1 construida la \u201cCiudad de<br \/>\nlas Mujeres\u201d, el aliancista expres\u00f3 que a trav\u00e9s de proyectos, programas y de pol\u00edticas<br \/>\np\u00fablicas incluyentes, se garantizar\u00e1 mejor calidad de vida a las mujeres campechanas.<\/p>\n<p>\u201cDebe quedar claro que trabajando en equipo, con orden, con proyecto<br \/>\nclaro, con determinaci\u00f3n y voluntad, se pueden alcanzar las metas que se tienen<br \/>\npor delante\u201d, subray\u00f3.<\/p>\n<p>Acompa\u00f1ado de Rossina Saravia Lugo, candidata a diputada local por el Tercer<br \/>\nDistrito y al grito de \u201cClaudio es mi gallo\u201d, Cetina G\u00f3mez, a\u00f1adi\u00f3 que la<br \/>\nequidad de g\u00e9nero es esencial pero tambi\u00e9n lo es la inclusi\u00f3n de todos los<br \/>\nciudadanos en su proyecto de municipio moderno y progresista.<\/p>\n<p>\u201cEn los \u00faltimos d\u00edas se ha sumado mucha gente que lo que quiere son resultados;<br \/>\ncuando ven que un candidato tiene un proyecto espec\u00edfico se suman; todos son<br \/>\nbienvenidos porque queremos el bienestar de los campechanos\u201d, dijo el candidato.<\/p>\n<p>Igual reiter\u00f3 su obligaci\u00f3n con la transparencia e indic\u00f3 que su<br \/>\nadministraci\u00f3n se caracterizar\u00e1 por tener cuentas claras y en orden, siempre<br \/>\nbrindando bienestar a la poblaci\u00f3n.<\/p><\/p>\n","protected":false},"excerpt":{"rendered":"<p>su Ayuntamiento continuar\u00e1 fomentando la igualdad social para el pleno ejercicio de los derechos de hombres y mujeres&#8230;<\/p>\n","protected":false},"author":1018,"featured_media":0,"comment_status":"open","ping_status":"open","sticky":false,"template":"","format":"standard","meta":{"tdm_status":"","tdm_grid_status":"","footnotes":""},"categories":[27],"tags":[],"_links":{"self":[{"href":"https:\/\/dralvarez.com.mx\/larevista\/wp-json\/wp\/v2\/posts\/65669"}],"collection":[{"href":"https:\/\/dralvarez.com.mx\/larevista\/wp-json\/wp\/v2\/posts"}],"about":[{"href":"https:\/\/dralvarez.com.mx\/larevista\/wp-json\/wp\/v2\/types\/post"}],"author":[{"embeddable":true,"href":"https:\/\/dralvarez.com.mx\/larevista\/wp-json\/wp\/v2\/users\/1018"}],"replies":[{"embeddable":true,"href":"https:\/\/dralvarez.com.mx\/larevista\/wp-json\/wp\/v2\/comments?post=65669"}],"version-history":[{"count":0,"href":"https:\/\/dralvarez.com.mx\/larevista\/wp-json\/wp\/v2\/posts\/65669\/revisions"}],"wp:attachment":[{"href":"https:\/\/dralvarez.com.mx\/larevista\/wp-json\/wp\/v2\/media?parent=65669"}],"wp:term":[{"taxonomy":"category","embeddable":true,"href":"https:\/\/dralvarez.com.mx\/larevista\/wp-json\/wp\/v2\/categories?post=65669"},{"taxonomy":"post_tag","embeddable":true,"href":"https:\/\/dralvarez.com.mx\/larevista\/wp-json\/wp\/v2\/tags?post=65669"}],"curies":[{"name":"wp","href":"https:\/\/api.w.org\/{rel}","templated":true}]}}