{"id":65667,"date":"2018-05-24T00:00:00","date_gmt":"2018-05-24T06:00:00","guid":{"rendered":"https:\/\/dralvarez.com.mx\/larevista\/blog\/primera-sesion-del-consejo-tecnico-de-evaluacion-de-familia-de-acogida-25556"},"modified":"2018-05-24T00:00:00","modified_gmt":"2018-05-24T06:00:00","slug":"primera-sesion-del-consejo-tecnico-de-evaluacion-de-familia-de-acogida-25556","status":"publish","type":"post","link":"https:\/\/dralvarez.com.mx\/larevista\/compeche\/primera-sesion-del-consejo-tecnico-de-evaluacion-de-familia-de-acogida-25556","title":{"rendered":"Primera sesi\u00f3n del consejo t\u00e9cnico de evaluaci\u00f3n de familia de acogida"},"content":{"rendered":"<\/p>\n<p>La Presidenta del Patronato del Sistema Estatal para el Desarrollo Integral de la Familia (DIF), Christelle Casta\u00f1\u00f3n de Moreno, en su compromiso de proteger los derechos de las ni\u00f1as, ni\u00f1os y adolescentes, encabez\u00f3 la Primera Sesi\u00f3n del Consejo T\u00e9cnico de Evaluaci\u00f3n de Familias de Acogida, celebrada en la sala de juntas de la Procuradur\u00eda de Protecci\u00f3n de ni\u00f1as, Ni\u00f1os y Adolescentes (PPNNA).<\/p>\n<p>Durante la sesi\u00f3n, el Consejo present\u00f3 y aprob\u00f3 el Curso de Capacitaci\u00f3n al que alude el Art\u00edculo 66 del Reglamento de la Ley de los Derechos de Ni\u00f1as, Ni\u00f1os y Adolescentes, que forma parte de los requisitos para el otorgamiento de la certificaci\u00f3n como Familia de Acogida, que contendr\u00e1 aspectos psicosociales, administrativos y jur\u00eddicos del cuidado, protecci\u00f3n, crianza positiva y promoci\u00f3n del bienestar social de las ni\u00f1as, ni\u00f1os y adolescentes.<\/p>\n<p>Asimismo, se analizaron y aprobaron las solicitudes de las familias interesadas en pertenecer a este programa, a fin de que la PPNNA emita la certificaci\u00f3n que las acredita como id\u00f3neas para brindar protecci\u00f3n de car\u00e1cter temporal a ni\u00f1as, ni\u00f1os y adolescentes, garantizando su derecho a vivir en familia y &nbsp;comunidad.<\/p><\/p>\n","protected":false},"excerpt":{"rendered":"<p>El Consejo present\u00f3 y aprob\u00f3 el Curso de Capacitaci\u00f3n al que alude el Art\u00edculo 66 del Reglamento de la Ley de los Derechos de Ni\u00f1as, Ni\u00f1os y Adolescen<\/p>\n","protected":false},"author":1018,"featured_media":0,"comment_status":"open","ping_status":"open","sticky":false,"template":"","format":"standard","meta":{"tdm_status":"","tdm_grid_status":"","footnotes":""},"categories":[27],"tags":[],"_links":{"self":[{"href":"https:\/\/dralvarez.com.mx\/larevista\/wp-json\/wp\/v2\/posts\/65667"}],"collection":[{"href":"https:\/\/dralvarez.com.mx\/larevista\/wp-json\/wp\/v2\/posts"}],"about":[{"href":"https:\/\/dralvarez.com.mx\/larevista\/wp-json\/wp\/v2\/types\/post"}],"author":[{"embeddable":true,"href":"https:\/\/dralvarez.com.mx\/larevista\/wp-json\/wp\/v2\/users\/1018"}],"replies":[{"embeddable":true,"href":"https:\/\/dralvarez.com.mx\/larevista\/wp-json\/wp\/v2\/comments?post=65667"}],"version-history":[{"count":0,"href":"https:\/\/dralvarez.com.mx\/larevista\/wp-json\/wp\/v2\/posts\/65667\/revisions"}],"wp:attachment":[{"href":"https:\/\/dralvarez.com.mx\/larevista\/wp-json\/wp\/v2\/media?parent=65667"}],"wp:term":[{"taxonomy":"category","embeddable":true,"href":"https:\/\/dralvarez.com.mx\/larevista\/wp-json\/wp\/v2\/categories?post=65667"},{"taxonomy":"post_tag","embeddable":true,"href":"https:\/\/dralvarez.com.mx\/larevista\/wp-json\/wp\/v2\/tags?post=65667"}],"curies":[{"name":"wp","href":"https:\/\/api.w.org\/{rel}","templated":true}]}}