{"id":65653,"date":"2018-05-24T00:00:00","date_gmt":"2018-05-24T06:00:00","guid":{"rendered":"https:\/\/dralvarez.com.mx\/larevista\/blog\/se-mantiene-monitoreo-por-lluvias-en-campeche-25540"},"modified":"2018-05-24T00:00:00","modified_gmt":"2018-05-24T06:00:00","slug":"se-mantiene-monitoreo-por-lluvias-en-campeche-25540","status":"publish","type":"post","link":"https:\/\/dralvarez.com.mx\/larevista\/compeche\/se-mantiene-monitoreo-por-lluvias-en-campeche-25540","title":{"rendered":"Se mantiene monitoreo por lluvias en campeche"},"content":{"rendered":"<\/p>\n<p>La Secretar\u00eda de Protecci\u00f3n Civil (SEPROCI) da a conocer a la ciudadan\u00eda que una vaguada en la Pen\u00ednsula de Yucat\u00e1n permite la entrada de humedad del mar Caribe y Golfo de M\u00e9xico hacia Campeche, lo que favorecer\u00e1 la presencia de lluvias aisladas en los pr\u00f3ximos d\u00edas en gran parte de la Entidad.<\/p>\n<p>Las lluvias ser\u00e1n de intensidad moderada a fuerte y algunas de ellas estar\u00e1n acompa\u00f1adas de rachas de viento y actividad el\u00e9ctrica; asimismo, las temperaturas se mantendr\u00e1n calurosas, aunque tender\u00e1n a disminuir en las pr\u00f3ximas 48 horas, mientras que el viento ser\u00e1 del Norte y Este variando en intensidad.<\/p>\n<p>De igual forma, una zona de inestabilidad del tiempo se ubica en el Noroeste del mar Caribe y le acompa\u00f1an algunas zonas de nubosidad y lluvias que se extienden desde esa regi\u00f3n hacia Cuba y Florida; se espera que hacia el final de esta semana esta zona de mal tiempo se traslade al Este o Centro del Golfo de M\u00e9xico, en donde podr\u00e1 tener un potencial medio de desarrollo de Cicl\u00f3n Tropical por lo que se mantiene en vigilancia.<\/p>\n<p>Por lo anterior, la SEPROCI exhorta a la poblaci\u00f3n en general a seguir la informaci\u00f3n oficial a trav\u00e9s de los boletines meteorol\u00f3gicos y a los comunicados de las autoridades pertinentes; a la navegaci\u00f3n mar\u00edtima se le recomienda estar atenta a los avisos de su Capitan\u00eda de Puerto correspondiente y tomar precauciones.<\/p><\/p>\n","protected":false},"excerpt":{"rendered":"<p>Las lluvias ser\u00e1n de intensidad moderada a fuerte y algunas de ellas estar\u00e1n acompa\u00f1adas de rachas de viento y actividad el\u00e9ctrica&#8230;<\/p>\n","protected":false},"author":1018,"featured_media":0,"comment_status":"open","ping_status":"open","sticky":false,"template":"","format":"standard","meta":{"tdm_status":"","tdm_grid_status":"","footnotes":""},"categories":[27],"tags":[],"_links":{"self":[{"href":"https:\/\/dralvarez.com.mx\/larevista\/wp-json\/wp\/v2\/posts\/65653"}],"collection":[{"href":"https:\/\/dralvarez.com.mx\/larevista\/wp-json\/wp\/v2\/posts"}],"about":[{"href":"https:\/\/dralvarez.com.mx\/larevista\/wp-json\/wp\/v2\/types\/post"}],"author":[{"embeddable":true,"href":"https:\/\/dralvarez.com.mx\/larevista\/wp-json\/wp\/v2\/users\/1018"}],"replies":[{"embeddable":true,"href":"https:\/\/dralvarez.com.mx\/larevista\/wp-json\/wp\/v2\/comments?post=65653"}],"version-history":[{"count":0,"href":"https:\/\/dralvarez.com.mx\/larevista\/wp-json\/wp\/v2\/posts\/65653\/revisions"}],"wp:attachment":[{"href":"https:\/\/dralvarez.com.mx\/larevista\/wp-json\/wp\/v2\/media?parent=65653"}],"wp:term":[{"taxonomy":"category","embeddable":true,"href":"https:\/\/dralvarez.com.mx\/larevista\/wp-json\/wp\/v2\/categories?post=65653"},{"taxonomy":"post_tag","embeddable":true,"href":"https:\/\/dralvarez.com.mx\/larevista\/wp-json\/wp\/v2\/tags?post=65653"}],"curies":[{"name":"wp","href":"https:\/\/api.w.org\/{rel}","templated":true}]}}