{"id":65652,"date":"2018-05-24T00:00:00","date_gmt":"2018-05-24T06:00:00","guid":{"rendered":"https:\/\/dralvarez.com.mx\/larevista\/blog\/gobernador-amc-reunion-secretaria-de-economia-25539"},"modified":"2018-05-24T00:00:00","modified_gmt":"2018-05-24T06:00:00","slug":"gobernador-amc-reunion-secretaria-de-economia-25539","status":"publish","type":"post","link":"https:\/\/dralvarez.com.mx\/larevista\/compeche\/gobernador-amc-reunion-secretaria-de-economia-25539","title":{"rendered":"Gobernador AMC-reuni\u00f3n secretar\u00eda de econom\u00eda"},"content":{"rendered":"<\/p>\n<p>El gobernador Alejandro Moreno<br \/>\nC\u00e1rdenas sostuvo una reuni\u00f3n de trabajo con el coordinador general de Delegaciones<br \/>\nFederales de la Secretar\u00eda de Econom\u00eda (SE), Jorge Cant\u00fa Valderrama y el nuevo<br \/>\ndelegado de la dependencia, Gonzalo Hern\u00e1ndez P\u00e9rez, para evaluar los programas<br \/>\nque se llevan a cabo de fomento a la productividad y competitividad. Estuvo<br \/>\npresente el titular de la Secretar\u00eda de Desarrollo Econ\u00f3mico, Jos\u00e9 Domingo<br \/>\nBerzunza Esp\u00ednola.<\/p>\n<p>&nbsp;<\/p>\n<p><\/p>\n","protected":false},"excerpt":{"rendered":"<p>reuni\u00f3n de trabajo para evaluar los programas que se llevan a cabo de fomento a la productividad y competitividad..<\/p>\n","protected":false},"author":1018,"featured_media":0,"comment_status":"open","ping_status":"open","sticky":false,"template":"","format":"standard","meta":{"tdm_status":"","tdm_grid_status":"","footnotes":""},"categories":[27],"tags":[],"_links":{"self":[{"href":"https:\/\/dralvarez.com.mx\/larevista\/wp-json\/wp\/v2\/posts\/65652"}],"collection":[{"href":"https:\/\/dralvarez.com.mx\/larevista\/wp-json\/wp\/v2\/posts"}],"about":[{"href":"https:\/\/dralvarez.com.mx\/larevista\/wp-json\/wp\/v2\/types\/post"}],"author":[{"embeddable":true,"href":"https:\/\/dralvarez.com.mx\/larevista\/wp-json\/wp\/v2\/users\/1018"}],"replies":[{"embeddable":true,"href":"https:\/\/dralvarez.com.mx\/larevista\/wp-json\/wp\/v2\/comments?post=65652"}],"version-history":[{"count":0,"href":"https:\/\/dralvarez.com.mx\/larevista\/wp-json\/wp\/v2\/posts\/65652\/revisions"}],"wp:attachment":[{"href":"https:\/\/dralvarez.com.mx\/larevista\/wp-json\/wp\/v2\/media?parent=65652"}],"wp:term":[{"taxonomy":"category","embeddable":true,"href":"https:\/\/dralvarez.com.mx\/larevista\/wp-json\/wp\/v2\/categories?post=65652"},{"taxonomy":"post_tag","embeddable":true,"href":"https:\/\/dralvarez.com.mx\/larevista\/wp-json\/wp\/v2\/tags?post=65652"}],"curies":[{"name":"wp","href":"https:\/\/api.w.org\/{rel}","templated":true}]}}