{"id":65629,"date":"2018-05-23T00:00:00","date_gmt":"2018-05-23T06:00:00","guid":{"rendered":"https:\/\/dralvarez.com.mx\/larevista\/blog\/confian-campechanos-en-proyecto-de-claudio-cetina-gomez-25513"},"modified":"2018-05-23T00:00:00","modified_gmt":"2018-05-23T06:00:00","slug":"confian-campechanos-en-proyecto-de-claudio-cetina-gomez-25513","status":"publish","type":"post","link":"https:\/\/dralvarez.com.mx\/larevista\/compeche\/confian-campechanos-en-proyecto-de-claudio-cetina-gomez-25513","title":{"rendered":"Conf\u00edan campechanos en proyecto de Claudio Cetina G\u00f3mez"},"content":{"rendered":"<\/p>\n<p>Al<br \/>\nsumar otro d\u00eda de caminata y encuentro con ciudadanos, Claudio Cetina G\u00f3mez<br \/>\nrecorri\u00f3 las calles de la colonia Kanist\u00e9. El candidato a la Presidencia<br \/>\nMunicipal de Campeche, agradeci\u00f3 el respaldo que le ha brindado la poblaci\u00f3n a<br \/>\nsu proyecto de trabajo para la transformaci\u00f3n y el desarrollo del municipio.<\/p>\n<p>Acompa\u00f1ado<br \/>\npor Jorge Ortega P\u00e9rez, candidato a diputado local del distrito 05, Cetina<br \/>\nG\u00f3mez, declar\u00f3 que el proyecto que encabeza consolidar\u00e1 buenos resultados para<br \/>\nlos campechanos trabajando en equipo y manteniendo la cercan\u00eda con la poblaci\u00f3n<br \/>\npara atender sus principales demandas.<\/p>\n<p>Casa<br \/>\npor casa, el abanderado de la coalici\u00f3n \u201cCampeche para Todos\u201d, escuch\u00f3 las<br \/>\npeticiones vecinales, principalmente en aspectos de bacheo y construcci\u00f3n de<br \/>\nbaquetas, a lo que Cetina G\u00f3mez ofreci\u00f3 dar soluci\u00f3n prioritaria al llegar al<br \/>\nAyuntamiento.<\/p>\n<p>\u201cEstamos<br \/>\ntrabajando en equipo, dici\u00e9ndole a los ciudadanos que lo que le expongan a los<br \/>\ncandidatos a diputados de la coalici\u00f3n PRI-PVEM-PANAL ser\u00e1n recibido por la Presidencia<br \/>\nMunicipal, y con el apoyo de todos ustedes, se tendr\u00e1n resultados a corto,<br \/>\nmediano y largo plazo\u201d.<\/p>\n<p>Tambi\u00e9n<br \/>\nexpres\u00f3 que la cercan\u00eda con la poblaci\u00f3n es fundamental para su campa\u00f1a<br \/>\npol\u00edtica porque conoce de cerca las necesidades apremiantes de los campechanos<br \/>\ny ha nutrido con las ideas y propuestas de los sectores su proyecto de trabajo<br \/>\npara un mejor Campeche.<\/p>\n<p>&nbsp;\u201cNosotros tenemos que atender siete distritos,<br \/>\n38 comunidades y el trabajo en equipo nos ayuda a tener una visi\u00f3n muy clara de<br \/>\nlas necesidades, por ello tenemos que trabajar en conjunto con el Gobierno del<br \/>\nEstado porque de eso se trata la alianza, no s\u00f3lo de trabajar en el Ayuntamiento<br \/>\nsino aliarnos con el Gobierno Estatal y los ciudadanos\u201d, concluy\u00f3.<\/p><\/p>\n","protected":false},"excerpt":{"rendered":"<p>Al sumar otro d\u00eda de caminata y encuentro con ciudadanos&#8230;<\/p>\n","protected":false},"author":1018,"featured_media":0,"comment_status":"open","ping_status":"open","sticky":false,"template":"","format":"standard","meta":{"tdm_status":"","tdm_grid_status":"","footnotes":""},"categories":[27],"tags":[],"_links":{"self":[{"href":"https:\/\/dralvarez.com.mx\/larevista\/wp-json\/wp\/v2\/posts\/65629"}],"collection":[{"href":"https:\/\/dralvarez.com.mx\/larevista\/wp-json\/wp\/v2\/posts"}],"about":[{"href":"https:\/\/dralvarez.com.mx\/larevista\/wp-json\/wp\/v2\/types\/post"}],"author":[{"embeddable":true,"href":"https:\/\/dralvarez.com.mx\/larevista\/wp-json\/wp\/v2\/users\/1018"}],"replies":[{"embeddable":true,"href":"https:\/\/dralvarez.com.mx\/larevista\/wp-json\/wp\/v2\/comments?post=65629"}],"version-history":[{"count":0,"href":"https:\/\/dralvarez.com.mx\/larevista\/wp-json\/wp\/v2\/posts\/65629\/revisions"}],"wp:attachment":[{"href":"https:\/\/dralvarez.com.mx\/larevista\/wp-json\/wp\/v2\/media?parent=65629"}],"wp:term":[{"taxonomy":"category","embeddable":true,"href":"https:\/\/dralvarez.com.mx\/larevista\/wp-json\/wp\/v2\/categories?post=65629"},{"taxonomy":"post_tag","embeddable":true,"href":"https:\/\/dralvarez.com.mx\/larevista\/wp-json\/wp\/v2\/tags?post=65629"}],"curies":[{"name":"wp","href":"https:\/\/api.w.org\/{rel}","templated":true}]}}