{"id":65585,"date":"2018-05-22T00:00:00","date_gmt":"2018-05-22T06:00:00","guid":{"rendered":"https:\/\/dralvarez.com.mx\/larevista\/blog\/instalacion-del-consejo-tecnico-de-evaluacion-de-familia-de-acogida-25466"},"modified":"2018-05-22T00:00:00","modified_gmt":"2018-05-22T06:00:00","slug":"instalacion-del-consejo-tecnico-de-evaluacion-de-familia-de-acogida-25466","status":"publish","type":"post","link":"https:\/\/dralvarez.com.mx\/larevista\/compeche\/instalacion-del-consejo-tecnico-de-evaluacion-de-familia-de-acogida-25466","title":{"rendered":"Instalaci\u00f3n Del Consejo T\u00e9cnico De Evaluaci\u00f3n De Familia De Acogida"},"content":{"rendered":"<\/p>\n<p>El Sistema Estatal para el Desarrollo Integral de la Familia (DIF), en su compromiso de proteger los derechos de las ni\u00f1as, ni\u00f1os y adolescentes, procedi\u00f3 a la instalaci\u00f3n del Consejo T\u00e9cnico de Evaluaci\u00f3n de Familias de Acogida, celebrado en la sala de juntas de la Procuradur\u00eda de Protecci\u00f3n de ni\u00f1as, Ni\u00f1os y Adolescentes (PPNNA) y que fue encabezado por la Presidenta del Patronato, Christelle Casta\u00f1\u00f3n de Moreno.<\/p>\n<p>Este Consejo T\u00e9cnico definir\u00e1 el contenido del curso de capacitaci\u00f3n al que alude el art\u00edculo 6 del Reglamento de la Ley de los Derechos de Ni\u00f1as, Ni\u00f1os y Adolescentes, como requisito para el otorgamiento de la certificaci\u00f3n de los solicitantes para constituirse como Familia de Acogida, que contendr\u00e1 aspectos psicosociales, administrativos y jur\u00eddicos del cuidado, protecci\u00f3n, crianza positiva y promoci\u00f3n del bienestar social de las ni\u00f1as, ni\u00f1os y adolescentes.<\/p>\n<p>De acuerdo a los Lineamientos para la Integraci\u00f3n del Consejo T\u00e9cnico de Evaluaci\u00f3n que resolver\u00e1 respecto de la emisi\u00f3n de la Certificaci\u00f3n a Familias de Acogida publicados en el Peri\u00f3dico Oficial del Estado el 27 de abril del a\u00f1o en curso, la Procuradur\u00eda de Protecci\u00f3n a Ni\u00f1as, Ni\u00f1os y Adolescentes emitir\u00e1 las certificaciones correspondientes.<\/p>\n<p>Cabe mencionar que el Programa de Acogimiento Familiar es una medida de protecci\u00f3n de cuidado alternativo para ni\u00f1as, ni\u00f1os y adolescentes que se encuentran sin cuidado parental o en situaci\u00f3n de riesgo, convirti\u00e9ndose en un lugar seguro que les brinda protecci\u00f3n y cuidado, garantizando su derecho a vivir en familia.<\/p>\n<p>Asimismo, garantiza la implementaci\u00f3n de estrategias de Acogimiento Familiar id\u00f3neas que brinden cuidado alternativo a las ni\u00f1as ni\u00f1os y adolescentes, privados de cuidados parentales de forma temporal, garantizando su derecho a vivir en familia y comunidad.<\/p>\n<p><\/p>\n","protected":false},"excerpt":{"rendered":"<p>El Programa de Acogimiento Familiar es una medida de protecci\u00f3n de cuidado alternativo para ni\u00f1as, ni\u00f1os y adolescentes&#8230;<\/p>\n","protected":false},"author":1018,"featured_media":0,"comment_status":"open","ping_status":"open","sticky":false,"template":"","format":"standard","meta":{"tdm_status":"","tdm_grid_status":"","footnotes":""},"categories":[27],"tags":[],"_links":{"self":[{"href":"https:\/\/dralvarez.com.mx\/larevista\/wp-json\/wp\/v2\/posts\/65585"}],"collection":[{"href":"https:\/\/dralvarez.com.mx\/larevista\/wp-json\/wp\/v2\/posts"}],"about":[{"href":"https:\/\/dralvarez.com.mx\/larevista\/wp-json\/wp\/v2\/types\/post"}],"author":[{"embeddable":true,"href":"https:\/\/dralvarez.com.mx\/larevista\/wp-json\/wp\/v2\/users\/1018"}],"replies":[{"embeddable":true,"href":"https:\/\/dralvarez.com.mx\/larevista\/wp-json\/wp\/v2\/comments?post=65585"}],"version-history":[{"count":0,"href":"https:\/\/dralvarez.com.mx\/larevista\/wp-json\/wp\/v2\/posts\/65585\/revisions"}],"wp:attachment":[{"href":"https:\/\/dralvarez.com.mx\/larevista\/wp-json\/wp\/v2\/media?parent=65585"}],"wp:term":[{"taxonomy":"category","embeddable":true,"href":"https:\/\/dralvarez.com.mx\/larevista\/wp-json\/wp\/v2\/categories?post=65585"},{"taxonomy":"post_tag","embeddable":true,"href":"https:\/\/dralvarez.com.mx\/larevista\/wp-json\/wp\/v2\/tags?post=65585"}],"curies":[{"name":"wp","href":"https:\/\/api.w.org\/{rel}","templated":true}]}}