{"id":65584,"date":"2018-05-22T00:00:00","date_gmt":"2018-05-22T06:00:00","guid":{"rendered":"https:\/\/dralvarez.com.mx\/larevista\/blog\/industria-privada-academia-y-gobierno-preparan-en-conjunto-a-jovenes-emprendedores-25465"},"modified":"2018-05-22T00:00:00","modified_gmt":"2018-05-22T06:00:00","slug":"industria-privada-academia-y-gobierno-preparan-en-conjunto-a-jovenes-emprendedores-25465","status":"publish","type":"post","link":"https:\/\/dralvarez.com.mx\/larevista\/compeche\/industria-privada-academia-y-gobierno-preparan-en-conjunto-a-jovenes-emprendedores-25465","title":{"rendered":"Industria privada, academia y gobierno preparan en conjunto a jovenes emprendedores"},"content":{"rendered":"<\/p>\n<p>Al destacar el trabajo conjunto entre el sector privado, la academia y el gobierno para que el talento de los j\u00f3venes se traduzca en nuevas generaciones bien preparadas y con la determinaci\u00f3n de emprender, el titular de la Secretar\u00eda de Desarrollo Econ\u00f3mico (SEDECO), Jos\u00e9 Domingo Berzunza Esp\u00ednola, encabez\u00f3 la clausura del programa \u201cEmprendiendo el Futuro\u201d en el municipio de Campeche.<\/p>\n<p>Acompa\u00f1ado de los directores generales de Junior Achievement Me\u00ecxico, Jaime Santib\u00e1n\u00deez Andonegui; y de Grupo Linde, Mateo L\u00f3pez Colom\u00e9, record\u00f3 el trabajo que durante seis meses realizaron m\u00e1s de 100 j\u00f3venes de cuatro escuelas del municipio en que se conformaron siete empresas juveniles.<\/p>\n<p>-El gobierno, la empresa y la academia se unen &nbsp;para poder entregarle a un joven esta visi\u00f3n. Lo que se aprende en el aula se puede traducir en un modo de vida para tener un ingreso. Para un empresario es m\u00e1s valioso tener socios que tener empleados -coment\u00f3.<\/p>\n<p>A su vez, L\u00f3pez Colom\u00e9 destac\u00f3 el talento que mostraron los participantes en sus proyectos, con el que dijo se forman nuevas generaciones exitosas. \u201cQue sea un profesional el que forme a otro profesional, que un emprendedor forme a otro emprendedor y sea un empresario el que forme a un empresario\u201d, dijo.<\/p>\n<p>Durante este tiempo los j\u00f3venes y sus asesores simularon juntas de trabajo en las que se desarrollaron temas relacionados directamente con la empresa, econom\u00eda y esp\u00edritu emprendedor<\/p>\n<p><\/p>\n","protected":false},"excerpt":{"rendered":"<p>El gobierno, la empresa y la academia se unen  para poder entregarle a un joven esta visi\u00f3n&#8230;<\/p>\n","protected":false},"author":1018,"featured_media":0,"comment_status":"open","ping_status":"open","sticky":false,"template":"","format":"standard","meta":{"tdm_status":"","tdm_grid_status":"","footnotes":""},"categories":[27],"tags":[],"_links":{"self":[{"href":"https:\/\/dralvarez.com.mx\/larevista\/wp-json\/wp\/v2\/posts\/65584"}],"collection":[{"href":"https:\/\/dralvarez.com.mx\/larevista\/wp-json\/wp\/v2\/posts"}],"about":[{"href":"https:\/\/dralvarez.com.mx\/larevista\/wp-json\/wp\/v2\/types\/post"}],"author":[{"embeddable":true,"href":"https:\/\/dralvarez.com.mx\/larevista\/wp-json\/wp\/v2\/users\/1018"}],"replies":[{"embeddable":true,"href":"https:\/\/dralvarez.com.mx\/larevista\/wp-json\/wp\/v2\/comments?post=65584"}],"version-history":[{"count":0,"href":"https:\/\/dralvarez.com.mx\/larevista\/wp-json\/wp\/v2\/posts\/65584\/revisions"}],"wp:attachment":[{"href":"https:\/\/dralvarez.com.mx\/larevista\/wp-json\/wp\/v2\/media?parent=65584"}],"wp:term":[{"taxonomy":"category","embeddable":true,"href":"https:\/\/dralvarez.com.mx\/larevista\/wp-json\/wp\/v2\/categories?post=65584"},{"taxonomy":"post_tag","embeddable":true,"href":"https:\/\/dralvarez.com.mx\/larevista\/wp-json\/wp\/v2\/tags?post=65584"}],"curies":[{"name":"wp","href":"https:\/\/api.w.org\/{rel}","templated":true}]}}