{"id":65535,"date":"2018-05-21T00:00:00","date_gmt":"2018-05-21T06:00:00","guid":{"rendered":"https:\/\/dralvarez.com.mx\/larevista\/blog\/presenta-claudio-cetina-su-cuarto-eje-en-todo-campeche-25409"},"modified":"2018-05-21T00:00:00","modified_gmt":"2018-05-21T06:00:00","slug":"presenta-claudio-cetina-su-cuarto-eje-en-todo-campeche-25409","status":"publish","type":"post","link":"https:\/\/dralvarez.com.mx\/larevista\/compeche\/presenta-claudio-cetina-su-cuarto-eje-en-todo-campeche-25409","title":{"rendered":"Presenta Claudio Cetina su cuarto eje, \u201cEn Todo Campeche\u201d"},"content":{"rendered":"<\/p>\n<p>\u201cSoy consciente de las necesidades del municipio de Campeche por ello,<br \/>\ncomo alcalde trabajar\u00e9 en cada rinc\u00f3n, d\u00e1ndole soluciones a las demandas de la<br \/>\nciudadan\u00eda para brindarle espacios dignos para habitar\u201d, asegur\u00f3 Claudio Cetina<br \/>\nG\u00f3mez, candidato a la Presidencia Municipal de Campeche por la coalici\u00f3n<br \/>\n\u201cCampeche para Todos\u201d.<\/p>\n<p>Durante la conferencia de prensa que ofreci\u00f3 este lunes, present\u00f3 su<br \/>\ncuarto eje \u201cEn Todo Campeche\u201d, para detallar que debe existir equilibrio entre<br \/>\nla zona urbana y la rural del municipio, de tal forma que avancen y se<br \/>\ndesarrollen a la par y ambas fortalezcan la trasformaci\u00f3n  y el crecimiento de Campeche.<\/p>\n<p>\u201cHemos puesto mucha atenci\u00f3n en el primer cuadro de la ciudad y lo<br \/>\ntenemos que seguir haciendo; sin embargo, no podemos descuidar otras zonas que<br \/>\nson igual de importantes para que Campeche sea un municipio incomparable\u201d,<br \/>\nabund\u00f3.<\/p>\n<p>Al agradecer la aceptaci\u00f3n que ha tenido su plan de trabajo, el<br \/>\naliancista, expres\u00f3 que son los servicios p\u00fablicos, iluminaci\u00f3n, pavimentaci\u00f3n,<br \/>\nabastecimiento de agua, mejora de parques y jardines, las solicitudes m\u00e1s apremiantes<br \/>\nentre la poblaci\u00f3n; y en la zona rural tambi\u00e9n solicitan el apoyo de los<br \/>\nprogramas estatales y federales.<\/p>\n<p>Claudio Cetina G\u00f3mez, indic\u00f3 que su proyecto<br \/>\nde trabajo contempla la capital del Estado, las cuatro juntas municipales y las<br \/>\n38 comunidades, cada una con sus necesidades que ser\u00e1n atendidas en conjunto,<br \/>\ncon trabajo en equipo.<\/p>\n<p>\u201cYo me estoy poniendo las pilas para conocer las necesidades de cada<br \/>\ncomunidad, de cada colonia, de cada barrio y de cada poblaci\u00f3n rural. Seguir\u00e9<br \/>\ncaminando para que juntos resolvamos las problem\u00e1ticas prioritarias en cada sector<br \/>\ndel municipio, asegur\u00f3 el abanderado del PRI-PVEM-PANAL.<\/p>\n<p>Igual fij\u00f3 su postura respecto al segundo debate presidencial, considerando<br \/>\nque Jos\u00e9 Antonio Meade, candidato de la coalici\u00f3n \u201cTodos por M\u00e9xico\u201d es el<br \/>\nmejor preparado y con las mejores propuestas para dirigir el pa\u00eds y ser\u00e1n los<br \/>\nciudadanos quienes finalmente decidan.<\/p>\n<p>Sobre la posibilidad de un debate local, entre los candidatos a la<br \/>\nalcald\u00eda de Campeche, reiter\u00f3 su disposici\u00f3n para participar en la exposici\u00f3n<br \/>\nde propuestas y contrastando ideas, siempre anteponiendo el bienestar de los<br \/>\ncampechanos.<\/p>\n<p><\/p>\n","protected":false},"excerpt":{"rendered":"<p>Soy consciente de las necesidades del municipio de Campeche por ello, como alcalde trabajar\u00e9 en cada rinc\u00f3n&#8230;<\/p>\n","protected":false},"author":1018,"featured_media":0,"comment_status":"open","ping_status":"open","sticky":false,"template":"","format":"standard","meta":{"tdm_status":"","tdm_grid_status":"","footnotes":""},"categories":[27],"tags":[],"_links":{"self":[{"href":"https:\/\/dralvarez.com.mx\/larevista\/wp-json\/wp\/v2\/posts\/65535"}],"collection":[{"href":"https:\/\/dralvarez.com.mx\/larevista\/wp-json\/wp\/v2\/posts"}],"about":[{"href":"https:\/\/dralvarez.com.mx\/larevista\/wp-json\/wp\/v2\/types\/post"}],"author":[{"embeddable":true,"href":"https:\/\/dralvarez.com.mx\/larevista\/wp-json\/wp\/v2\/users\/1018"}],"replies":[{"embeddable":true,"href":"https:\/\/dralvarez.com.mx\/larevista\/wp-json\/wp\/v2\/comments?post=65535"}],"version-history":[{"count":0,"href":"https:\/\/dralvarez.com.mx\/larevista\/wp-json\/wp\/v2\/posts\/65535\/revisions"}],"wp:attachment":[{"href":"https:\/\/dralvarez.com.mx\/larevista\/wp-json\/wp\/v2\/media?parent=65535"}],"wp:term":[{"taxonomy":"category","embeddable":true,"href":"https:\/\/dralvarez.com.mx\/larevista\/wp-json\/wp\/v2\/categories?post=65535"},{"taxonomy":"post_tag","embeddable":true,"href":"https:\/\/dralvarez.com.mx\/larevista\/wp-json\/wp\/v2\/tags?post=65535"}],"curies":[{"name":"wp","href":"https:\/\/api.w.org\/{rel}","templated":true}]}}