{"id":65501,"date":"2018-05-21T00:00:00","date_gmt":"2018-05-21T06:00:00","guid":{"rendered":"https:\/\/dralvarez.com.mx\/larevista\/blog\/claudio-cetina-gomez-comprometido-a-impulsar-la-agroindustria-25375"},"modified":"2018-05-21T00:00:00","modified_gmt":"2018-05-21T06:00:00","slug":"claudio-cetina-gomez-comprometido-a-impulsar-la-agroindustria-25375","status":"publish","type":"post","link":"https:\/\/dralvarez.com.mx\/larevista\/compeche\/claudio-cetina-gomez-comprometido-a-impulsar-la-agroindustria-25375","title":{"rendered":"Claudio Cetina G\u00f3mez, comprometido a impulsar la agroindustria"},"content":{"rendered":"<\/p>\n<p>\u201cNo vamos a descansar hasta impulsar la agroindustria en beneficio del<br \/>\nmunicipio, principalmente de las comunidades rurales para darle valor agregado<br \/>\na los productos de la zona\u201d, asegur\u00f3 Claudio Cetina G\u00f3mez, candidato a la<br \/>\nPresidencia Municipal de Campeche.<\/p>\n<p>Al ajustar su tercera semana de activismo pol\u00edtico, visit\u00f3 las<br \/>\ncomunidades de Carlos Cano, San Miguel Allende, San Luciano y Laureles, donde<br \/>\nexplic\u00f3 que la posibilidad de generar cadenas de valores a trav\u00e9s de la Zona Econ\u00f3mica<br \/>\nEspecial permitir\u00e1 la inclusi\u00f3n de los productores locales que ser\u00edan<br \/>\nbeneficiados.<\/p>\n<p>Indic\u00f3 que de esta manera ser\u00e1n detonados los empleos en la zona rural y<br \/>\ntambi\u00e9n ser\u00e1n mejorados los servicios p\u00fablicos. \u201cEs un logro del Gobierno del<br \/>\nEstado y tenemos que emplearlo; estoy seguro de que aprovechando la l\u00ednea<br \/>\nCampeche-Seybaplaya, podremos crear fuentes de ingresos importantes para las<br \/>\nfamilias\u201d, reiter\u00f3.<\/p>\n<p>Detall\u00f3 que Campeche es el municipio que m\u00e1s producci\u00f3n agr\u00edcola tiene<br \/>\nen el Estado, s\u00f3lo por debajo de Hopelch\u00e9n, y al contar con amplia diversidad<br \/>\nde productos agr\u00edcolas, sobre todo frutales, hay que fortalecer los canales de<br \/>\ncomercializaci\u00f3n e industrializaci\u00f3n de los mismos.<\/p>\n<p>Para todo ello, se\u00f1al\u00f3 que se trabajar\u00e1 en alianza con los tres<br \/>\n\u00f3rdenes de gobierno e instituciones que respalden la transformaci\u00f3n y el<br \/>\ndesarrollo del campo para robustecer la productividad y beneficiar a las<br \/>\nfamilias campesinas.<\/p>\n<p>Record\u00f3 que \u00e9l form\u00f3 parte del equipo de gesti\u00f3n para que se incluyera a<br \/>\nCampeche dentro de los pol\u00edgonos econ\u00f3micos y ahora est\u00e1 motivado para<br \/>\ncontinuar trabajando en generar mejores oportunidades.<\/p>\n<p>Igual expres\u00f3 que es importante que los ciudadanos, empresarios,<br \/>\ncomerciantes y estudiantes est\u00e9n cada vez m\u00e1s preparados para las oportunidades<br \/>\nque ir\u00e1n gener\u00e1ndose en el mediano y largo plazo, tras la instauraci\u00f3n de la<br \/>\nZona Econ\u00f3mica Especial de Campeche.<\/p>\n<p>Durante la caminata que<br \/>\ndur\u00f3 cerca de siete horas, el candidato aliancista recorri\u00f3 casa por casa<br \/>\nexponiendo sus propuestas y atendiendo las inquietudes de los ciudadanos,<br \/>\nquienes le expresaron su respaldo.<\/p>\n<p>En reciprocidad Cetina<b> &nbsp;<\/b>G\u00f3mez, les agradeci\u00f3 sus<br \/>\nmuestras de apoyo  y manifest\u00f3 que: \u201ccada d\u00eda falta menos para el triunfo, as\u00ed que con<br \/>\ntodas las pilas seguiremos caminando las calles y tocando todas las puertas de<br \/>\nnuestra capital\u201d.<\/p><\/p>\n","protected":false},"excerpt":{"rendered":"<p>No vamos a descansar hasta impulsar la agroindustria en beneficio del municipio, principalmente de las comunidades rurales&#8230;<\/p>\n","protected":false},"author":1018,"featured_media":0,"comment_status":"open","ping_status":"open","sticky":false,"template":"","format":"standard","meta":{"tdm_status":"","tdm_grid_status":"","footnotes":""},"categories":[27],"tags":[],"_links":{"self":[{"href":"https:\/\/dralvarez.com.mx\/larevista\/wp-json\/wp\/v2\/posts\/65501"}],"collection":[{"href":"https:\/\/dralvarez.com.mx\/larevista\/wp-json\/wp\/v2\/posts"}],"about":[{"href":"https:\/\/dralvarez.com.mx\/larevista\/wp-json\/wp\/v2\/types\/post"}],"author":[{"embeddable":true,"href":"https:\/\/dralvarez.com.mx\/larevista\/wp-json\/wp\/v2\/users\/1018"}],"replies":[{"embeddable":true,"href":"https:\/\/dralvarez.com.mx\/larevista\/wp-json\/wp\/v2\/comments?post=65501"}],"version-history":[{"count":0,"href":"https:\/\/dralvarez.com.mx\/larevista\/wp-json\/wp\/v2\/posts\/65501\/revisions"}],"wp:attachment":[{"href":"https:\/\/dralvarez.com.mx\/larevista\/wp-json\/wp\/v2\/media?parent=65501"}],"wp:term":[{"taxonomy":"category","embeddable":true,"href":"https:\/\/dralvarez.com.mx\/larevista\/wp-json\/wp\/v2\/categories?post=65501"},{"taxonomy":"post_tag","embeddable":true,"href":"https:\/\/dralvarez.com.mx\/larevista\/wp-json\/wp\/v2\/tags?post=65501"}],"curies":[{"name":"wp","href":"https:\/\/api.w.org\/{rel}","templated":true}]}}