{"id":65475,"date":"2018-05-19T00:00:00","date_gmt":"2018-05-19T06:00:00","guid":{"rendered":"https:\/\/dralvarez.com.mx\/larevista\/blog\/impulsara-claudio-cetina-campana-anual-de-descacharrizacion-25347"},"modified":"2018-05-19T00:00:00","modified_gmt":"2018-05-19T06:00:00","slug":"impulsara-claudio-cetina-campana-anual-de-descacharrizacion-25347","status":"publish","type":"post","link":"https:\/\/dralvarez.com.mx\/larevista\/compeche\/impulsara-claudio-cetina-campana-anual-de-descacharrizacion-25347","title":{"rendered":"Impulsar\u00e1 Claudio Cetina Campa\u00f1a Anual de Descacharrizaci\u00f3n"},"content":{"rendered":"<p>Comprometido con el bienestar familiar, Claudio Cetina G\u00f3mez, candidato a la Presidencia Municipal por la coalici\u00f3n \u201cCampeche para Todos\u201d, declar\u00f3 que de llegar al Ayuntamiento de Campeche reforzar\u00e1 el combate al mosquito trasnmisor del dengue a trav\u00e9s de una  Campa\u00f1a Anual de Descacharrizaci\u00f3n.<\/p>\n<p>Explic\u00f3 que con esta acci\u00f3n eliminar\u00e1n los criaderos del mosco Aedes aegypti, transmisor de enfermedades, as\u00ed como tambi\u00e9n suprimir\u00e1n el acumulamiento de pl\u00e1sticos, botellas, llantas y diferentes tipos de desechos que infieran riesgos sanitarios para la poblaci\u00f3n.<\/p>\n<p>Reiter\u00f3 que su administraci\u00f3n trabajar\u00e1 en conjunto con los ciudadanos para impulsar este proyecto de saneamiento que ya se ha implementado en diversas partes del pa\u00eds, con buenos resultados.<\/p>\n<p>\u201cEsas campa\u00f1as no son nuevas, se han hecho en muchas partes del pa\u00eds pero lo que vamos a hacer es motivar a esa gente a que saque esa chatarra, nos incluimos todos y hacemos un intercambio de unos est\u00edmulos con el Gobierno Municipal\u201d, expres\u00f3 el aliancista.<\/p>\n<p>Cetina G\u00f3mez, agreg\u00f3 que esta propuesta viene incluida en el eje \u201cCampeche Crece\u201d, de su proyecto de municipio, para brindarles mejor condici\u00f3n de vida a los campechanos. <\/p>\n<p>Mencion\u00f3 que toda esta labor se har\u00e1 en conjunto con los integrantes del Cabildo, de los diputados, quienes legislar\u00e1n, gestionar\u00e1n y fiscalizar\u00e1n cada una de las acciones para brindar los resultados que merecen los ciudadanos.<\/p>\n<p>\u201cEstamos trabajando, vamos por buen rumbo con esta campa\u00f1a propositiva; la gente acepta bien estas propuestas que iremos mejorando d\u00eda con d\u00eda\u201d, extern\u00f3.<\/p>\n","protected":false},"excerpt":{"rendered":"<p>Comprometido con el bienestar familiar&#8230;<\/p>\n","protected":false},"author":1018,"featured_media":0,"comment_status":"open","ping_status":"open","sticky":false,"template":"","format":"standard","meta":{"tdm_status":"","tdm_grid_status":"","footnotes":""},"categories":[27],"tags":[],"_links":{"self":[{"href":"https:\/\/dralvarez.com.mx\/larevista\/wp-json\/wp\/v2\/posts\/65475"}],"collection":[{"href":"https:\/\/dralvarez.com.mx\/larevista\/wp-json\/wp\/v2\/posts"}],"about":[{"href":"https:\/\/dralvarez.com.mx\/larevista\/wp-json\/wp\/v2\/types\/post"}],"author":[{"embeddable":true,"href":"https:\/\/dralvarez.com.mx\/larevista\/wp-json\/wp\/v2\/users\/1018"}],"replies":[{"embeddable":true,"href":"https:\/\/dralvarez.com.mx\/larevista\/wp-json\/wp\/v2\/comments?post=65475"}],"version-history":[{"count":0,"href":"https:\/\/dralvarez.com.mx\/larevista\/wp-json\/wp\/v2\/posts\/65475\/revisions"}],"wp:attachment":[{"href":"https:\/\/dralvarez.com.mx\/larevista\/wp-json\/wp\/v2\/media?parent=65475"}],"wp:term":[{"taxonomy":"category","embeddable":true,"href":"https:\/\/dralvarez.com.mx\/larevista\/wp-json\/wp\/v2\/categories?post=65475"},{"taxonomy":"post_tag","embeddable":true,"href":"https:\/\/dralvarez.com.mx\/larevista\/wp-json\/wp\/v2\/tags?post=65475"}],"curies":[{"name":"wp","href":"https:\/\/api.w.org\/{rel}","templated":true}]}}